{"id":757,"date":"2024-11-26T20:21:37","date_gmt":"2024-11-26T20:21:37","guid":{"rendered":"https:\/\/alliasbl.lu\/?p=757"},"modified":"2024-11-26T20:21:37","modified_gmt":"2024-11-26T20:21:37","slug":"une-loi-en-projet","status":"publish","type":"post","link":"https:\/\/alliasbl.lu\/fr\/2024\/11\/26\/une-loi-en-projet\/","title":{"rendered":"Une loi en projet&#8230;"},"content":{"rendered":"\n<p class=\"wp-block-paragraph\">Le 25 juillet 2024, le gouvernement a pr\u00e9sent\u00e9 sa vision d&rsquo;un meilleur encadrement de l&rsquo;enseignement \u00e0 domicile \u00e0 la chambre des d\u00e9put\u00e9s lors d&rsquo;une <a href=\"https:\/\/www.chd.lu\/fr\/meeting\/13119\" data-type=\"link\" data-id=\"https:\/\/www.chd.lu\/fr\/meeting\/13119\">r\u00e9union<\/a> en commission. ALLI asbl a r\u00e9dig\u00e9 des commentaires et \u00e9labor\u00e9 11 propositions pour en discuter avec les repr\u00e9sentants des partis politiques de Luxembourg.<\/p>\n\n\n\n<p class=\"wp-block-paragraph\">Lire nos commentaires: <\/p>\n\n\n\n<p class=\"wp-block-paragraph\"><a href=\"https:\/\/drive.google.com\/file\/d\/1rP_lTGAXi-koB26G3hx2ZMdpDfJMXtSm\/view?usp=sharing\"> \ud83c\uddeb\ud83c\uddf7<\/a> <a href=\"https:\/\/drive.google.com\/file\/d\/1mSeeXWgbdZrOYpwZbVM1rxzOwU6ZTK9O\/view?usp=sharing\"> \ud83c\uddec\ud83c\udde7<\/a> <a href=\"https:\/\/drive.google.com\/file\/d\/1tehZhvcz9fzhEF5GKPYR2ZpYvPC3_IV-\/view?usp=sharing\"> \ud83c\udde9\ud83c\uddea<\/a><\/p>\n\n\n\n<figure class=\"wp-block-gallery has-nested-images columns-default is-cropped wp-block-gallery-1 is-layout-flex wp-block-gallery-is-layout-flex\">\n<figure class=\"wp-block-image size-large\"><img data-recalc-dims=\"1\" height=\"557\" width=\"1024\" decoding=\"async\" data-id=\"759\" src=\"https:\/\/i0.wp.com\/alliasbl.lu\/wp-content\/uploads\/2024\/11\/Capture-decran-2024-11-03-a-10.06.23-13-1024x557.png?resize=1024%2C557&#038;ssl=1\" alt=\"\" class=\"wp-image-759\"\/><\/figure>\n<\/figure>\n","protected":false},"excerpt":{"rendered":"<p>Le 25 juillet 2024, le gouvernement a pr\u00e9sent\u00e9 sa vision d&rsquo;un meilleur encadrement de l&rsquo;enseignement \u00e0 domicile \u00e0 la chambre des d\u00e9put\u00e9s lors d&rsquo;une r\u00e9union en commission. ALLI asbl a [&hellip;]<\/p>\n","protected":false},"author":135013625,"featured_media":0,"comment_status":"closed","ping_status":"closed","sticky":false,"template":"","format":"standard","meta":{"_coblocks_attr":"","_coblocks_dimensions":"","_coblocks_responsive_height":"","_coblocks_accordion_ie_support":"","_crdt_document":"","advanced_seo_description":"","jetpack_seo_html_title":"","jetpack_seo_noindex":false,"_price":"","_stock":"","_tribe_ticket_header":"","_tribe_default_ticket_provider":"","_tribe_ticket_capacity":"0","_ticket_start_date":"","_ticket_end_date":"","_tribe_ticket_show_description":"","_tribe_ticket_show_not_going":false,"_tribe_ticket_use_global_stock":"","_tribe_ticket_global_stock_level":"","_global_stock_mode":"","_global_stock_cap":"","_tribe_rsvp_for_event":"","_tribe_ticket_going_count":"","_tribe_ticket_not_going_count":"","_tribe_tickets_list":"[]","_tribe_ticket_has_attendee_info_fields":false,"_EventAllDay":false,"_EventTimezone":"","_EventStartDate":"","_EventEndDate":"","_EventStartDateUTC":"","_EventEndDateUTC":"","_EventShowMap":false,"_EventShowMapLink":false,"_EventURL":"","_EventCost":"","_EventCostDescription":"","_EventCurrencySymbol":"","_EventCurrencyCode":"","_EventCurrencyPosition":"","_EventDateTimeSeparator":"","_EventTimeRangeSeparator":"","_EventOrganizerID":[],"_EventVenueID":[],"_OrganizerEmail":"","_OrganizerPhone":"","_OrganizerWebsite":"","_VenueAddress":"","_VenueCity":"","_VenueCountry":"","_VenueProvince":"","_VenueState":"","_VenueZip":"","_VenuePhone":"","_VenueURL":"","_VenueStateProvince":"","_VenueLat":"","_VenueLng":"","_VenueShowMap":false,"_VenueShowMapLink":false,"_jetpack_newsletter_access":"","_jetpack_dont_email_post_to_subs":true,"_jetpack_newsletter_tier_id":0,"_jetpack_memberships_contains_paywalled_content":false,"_jetpack_memberships_contains_paid_content":false,"footnotes":"","jetpack_publicize_message":"","jetpack_publicize_feature_enabled":true,"jetpack_social_post_already_shared":true,"jetpack_social_options":{"image_generator_settings":{"template":"highway","enabled":false},"version":2},"_wpas_customize_per_network":false,"jetpack_post_was_ever_published":false},"categories":[1],"tags":[],"class_list":["post-757","post","type-post","status-publish","format-standard","hentry","category-uncategorized"],"jetpack_publicize_connections":[],"jetpack_featured_media_url":"","jetpack_likes_enabled":true,"jetpack_sharing_enabled":true,"jetpack_shortlink":"https:\/\/wp.me\/p9ETog-cd","jetpack-related-posts":[{"id":1490,"url":"https:\/\/alliasbl.lu\/fr\/2026\/03\/31\/futureed-leducation-a-lepreuve-des-droits\/","url_meta":{"origin":757,"position":0},"title":"FutureEd : l&rsquo;\u00e9ducation \u00e0 l&rsquo;\u00e9preuve des droits","author":"alliasbl","date":"31 mars, 2026","format":false,"excerpt":"FutureEd : et si vous participiez \u00e0 construire l\u2019\u00e9ducation de demain ? Ce guide,\u00a0\u00ab FutureEd : Construire ensemble une \u00e9ducation ax\u00e9e sur les droits pour un avenir durable \u00bb, constitue la premi\u00e8re \u00e9tape d\u2019un travail plus vaste, qui sera enrichi par des retours de terrain et des pratiques concr\u00e8tes. Son\u2026","rel":"","context":"Article similaire","block_context":{"text":"Article similaire","link":""},"img":{"alt_text":"","src":"https:\/\/i0.wp.com\/alliasbl.lu\/wp-content\/uploads\/2025\/12\/Capture-decran-2025-10-24-a-21.52.37-1.png?resize=350%2C200&ssl=1","width":350,"height":200,"srcset":"https:\/\/i0.wp.com\/alliasbl.lu\/wp-content\/uploads\/2025\/12\/Capture-decran-2025-10-24-a-21.52.37-1.png?resize=350%2C200&ssl=1 1x, https:\/\/i0.wp.com\/alliasbl.lu\/wp-content\/uploads\/2025\/12\/Capture-decran-2025-10-24-a-21.52.37-1.png?resize=525%2C300&ssl=1 1.5x, https:\/\/i0.wp.com\/alliasbl.lu\/wp-content\/uploads\/2025\/12\/Capture-decran-2025-10-24-a-21.52.37-1.png?resize=700%2C400&ssl=1 2x"},"classes":[]},{"id":1470,"url":"https:\/\/alliasbl.lu\/fr\/2026\/03\/20\/podcasthon-2026\/","url_meta":{"origin":757,"position":1},"title":"Podcasthon 2026","author":"alliasbl","date":"20 mars, 2026","format":false,"excerpt":"Autour du t\u00e9moignage de Denis Sandrine, enseignante \u00e0 l'\u00c9cole Europ\u00e9enne Mamer II, la podcasteuse Anne-Claire Delval a r\u00e9uni deux invit\u00e9es: Katy Zago, repr\u00e9sentant ALLI asbl - Association Luxembourgeoise pour la Libert\u00e9 d'Instruction- et Sophie Le Dorner, porteuse du IDG (Inner Development Goals) Hub \"Learning in the Flow of Life\".\u00a0 Il\u2026","rel":"","context":"Article similaire","block_context":{"text":"Article similaire","link":""},"img":{"alt_text":"","src":"","width":0,"height":0},"classes":[]},{"id":1037,"url":"https:\/\/alliasbl.lu\/fr\/2025\/05\/19\/un-contribution-18-05-25\/","url_meta":{"origin":757,"position":2},"title":"UN Contribution 18.05.25","author":"alliasbl","date":"19 mai, 2025","format":false,"excerpt":"R\u00e9ponse \u00e0 l'appel \u00e0 contributions pour la pr\u00e9paration de la premi\u00e8re session du groupe de travail intergouvernemental \u00e0 composition non limit\u00e9e sur un protocole facultatif \u00e0 la Convention relative aux droits de l'enfant.Par ALLI asbl & Rights-Centric Education Network (RCEN)Lire le document: \ud83c\uddeb\ud83c\uddf7 \ud83c\uddec\ud83c\udde7 \ud83c\udde9\ud83c\uddea","rel":"","context":"Article similaire","block_context":{"text":"Article similaire","link":""},"img":{"alt_text":"","src":"","width":0,"height":0},"classes":[]},{"id":1308,"url":"https:\/\/alliasbl.lu\/fr\/2025\/12\/10\/%f0%9f%8c%8d-futureed-learning-planet-festival-janvier-2026\/","url_meta":{"origin":757,"position":3},"title":"\ud83c\udf0d FutureEd @ Learning Planet Festival \u2013 Janvier 2026","author":"alliasbl","date":"10 d\u00e9cembre, 2025","format":false,"excerpt":"3 sessions en ligne pour repenser l\u2019\u00e9ducation \u00e0 travers les droits humains Dans le cadre du projet\u00a0FutureEd, cofinanc\u00e9 par l\u2019Union europ\u00e9enne,\u00a0ALLI asbl\u00a0vous invite \u00e0 trois rencontres inspirantes durant le\u00a0Learning Planet Festival 2026 sur le th\u00e8me\u00a0\"Prendre soin de soi, des autres et de la plan\u00e8te\". Ensemble, explorons comment une \u00e9ducation centr\u00e9e\u2026","rel":"","context":"Dans &quot;Event&quot;","block_context":{"text":"Event","link":"https:\/\/alliasbl.lu\/fr\/category\/event\/"},"img":{"alt_text":"","src":"https:\/\/i0.wp.com\/alliasbl.lu\/wp-content\/uploads\/2025\/12\/image.png?fit=768%2C252&ssl=1&resize=350%2C200","width":350,"height":200,"srcset":"https:\/\/i0.wp.com\/alliasbl.lu\/wp-content\/uploads\/2025\/12\/image.png?fit=768%2C252&ssl=1&resize=350%2C200 1x, https:\/\/i0.wp.com\/alliasbl.lu\/wp-content\/uploads\/2025\/12\/image.png?fit=768%2C252&ssl=1&resize=525%2C300 1.5x, https:\/\/i0.wp.com\/alliasbl.lu\/wp-content\/uploads\/2025\/12\/image.png?fit=768%2C252&ssl=1&resize=700%2C400 2x"},"classes":[]},{"id":888,"url":"https:\/\/alliasbl.lu\/fr\/2025\/03\/25\/18e-odd-la-culture-comme-vecteur-de-la-democratie\/","url_meta":{"origin":757,"position":4},"title":"18\u00e8 ODD La culture comme vecteur de la d\u00e9mocratie","author":"alliasbl","date":"25 mars, 2025","format":false,"excerpt":"En partenariat avec le Groupe de Recherche et de R\u00e9flexion sur l'\u00e9ducation (GRR\u00e9), ALLI asbl a pris part \u00e0 l'atelier sur l'\u00e9ducation organis\u00e9 \u00e0 la Maison de l'Europe de Paris le 20.03.25. \u00c0 cette occasion, nous avons pr\u00e9sent\u00e9 notre contribution intitul\u00e9e :\u00ab Cultiver la dignit\u00e9 et la justiciabilit\u00e9 : un\u2026","rel":"","context":"Article similaire","block_context":{"text":"Article similaire","link":""},"img":{"alt_text":"","src":"","width":0,"height":0},"classes":[]},{"id":985,"url":"https:\/\/alliasbl.lu\/fr\/2025\/04\/28\/information-meetings\/","url_meta":{"origin":757,"position":5},"title":"Information meetings","author":"alliasbl","date":"28 avril, 2025","format":false,"excerpt":"Chaque 3\u00e8me dimanche du mois \u00e0 partir de mai 2025, une r\u00e9union d'information virtuelle sera organis\u00e9e pour r\u00e9pondre \u00e0 vos questions sur l'enseignement \u00e0 domicile.An jedem dritten Sonntag im Monat wird ab Mai 2025 eine virtuelle Informationsveranstaltung stattfinden, um Ihre Fragen zum Thema Heimunterricht zu beantworten. Every 3rd Sunday of\u2026","rel":"","context":"Article similaire","block_context":{"text":"Article similaire","link":""},"img":{"alt_text":"","src":"","width":0,"height":0},"classes":[]}],"_links":{"self":[{"href":"https:\/\/alliasbl.lu\/fr\/wp-json\/wp\/v2\/posts\/757","targetHints":{"allow":["GET"]}}],"collection":[{"href":"https:\/\/alliasbl.lu\/fr\/wp-json\/wp\/v2\/posts"}],"about":[{"href":"https:\/\/alliasbl.lu\/fr\/wp-json\/wp\/v2\/types\/post"}],"author":[{"embeddable":true,"href":"https:\/\/alliasbl.lu\/fr\/wp-json\/wp\/v2\/users\/135013625"}],"replies":[{"embeddable":true,"href":"https:\/\/alliasbl.lu\/fr\/wp-json\/wp\/v2\/comments?post=757"}],"version-history":[{"count":3,"href":"https:\/\/alliasbl.lu\/fr\/wp-json\/wp\/v2\/posts\/757\/revisions"}],"predecessor-version":[{"id":761,"href":"https:\/\/alliasbl.lu\/fr\/wp-json\/wp\/v2\/posts\/757\/revisions\/761"}],"wp:attachment":[{"href":"https:\/\/alliasbl.lu\/fr\/wp-json\/wp\/v2\/media?parent=757"}],"wp:term":[{"taxonomy":"category","embeddable":true,"href":"https:\/\/alliasbl.lu\/fr\/wp-json\/wp\/v2\/categories?post=757"},{"taxonomy":"post_tag","embeddable":true,"href":"https:\/\/alliasbl.lu\/fr\/wp-json\/wp\/v2\/tags?post=757"}],"curies":[{"name":"wp","href":"https:\/\/api.w.org\/{rel}","templated":true}]}}