{"id":458,"date":"2024-02-20T19:50:02","date_gmt":"2024-02-20T19:50:02","guid":{"rendered":"https:\/\/alliasbl.lu\/?p=458"},"modified":"2025-03-25T18:26:23","modified_gmt":"2025-03-25T18:26:23","slug":"liberte-academique","status":"publish","type":"post","link":"https:\/\/alliasbl.lu\/fr\/2024\/02\/20\/liberte-academique\/","title":{"rendered":"Libert\u00e9 acad\u00e9mique?"},"content":{"rendered":"\n<p class=\"wp-block-paragraph\"><strong>AC<\/strong><span class=\"uppercase\"><strong>ademic freedom \/ Akademische Freiheit<\/strong><\/span><br><\/p>\n\n\n\n<p class=\"wp-block-paragraph\">Appel \u00e0 contribution de l&rsquo;ONU: notre r\u00e9ponse pour Luxembourg<br>   <a href=\"https:\/\/drive.google.com\/file\/d\/1JrT40khbJj2VTK1V7oeoEXRQFxTLAvq7\/view?usp=sharing\">T\u00e9l\u00e9charger \ud83c\uddeb\ud83c\uddf7<\/a> <br><br>UN call for paper: our response for Luxembourg<br>   <a href=\"https:\/\/drive.google.com\/file\/d\/19ads8znl1qXyIPbFGFmNYiMAKzKheP3o\/view?usp=sharing\">Download \ud83c\uddec\ud83c\udde7<\/a><br><br>UN-Beitragsaufruf: unsere Antwort f\u00fcr Luxemburg<br>   <a href=\"https:\/\/drive.google.com\/file\/d\/1Gw2yCE3tfnwp6n5BJEohTkwx9RZORO-l\/view?usp=sharing\">Herunterladen \ud83c\udde9\ud83c\uddea<\/a><\/p>\n\n\n\n<figure class=\"wp-block-image size-large\"><img data-recalc-dims=\"1\" decoding=\"async\" src=\"https:\/\/i0.wp.com\/alliasbl.lu\/wp-content\/uploads\/2024\/02\/image.png?ssl=1\" alt=\"\" class=\"wp-image-475\"\/><\/figure>\n\n\n\n<p class=\"wp-block-paragraph\"><\/p>\n","protected":false},"excerpt":{"rendered":"<p>ACademic freedom \/ Akademische Freiheit Appel \u00e0 contribution de l&rsquo;ONU: notre r\u00e9ponse pour Luxembourg T\u00e9l\u00e9charger \ud83c\uddeb\ud83c\uddf7 UN call for paper: our response for Luxembourg Download \ud83c\uddec\ud83c\udde7 UN-Beitragsaufruf: unsere Antwort f\u00fcr [&hellip;]<\/p>\n","protected":false},"author":135013625,"featured_media":0,"comment_status":"closed","ping_status":"closed","sticky":false,"template":"","format":"standard","meta":{"_coblocks_attr":"","_coblocks_dimensions":"","_coblocks_responsive_height":"","_coblocks_accordion_ie_support":"","_crdt_document":"","advanced_seo_description":"","jetpack_seo_html_title":"","jetpack_seo_noindex":false,"_price":"","_stock":"","_tribe_ticket_header":"","_tribe_default_ticket_provider":"","_tribe_ticket_capacity":"0","_ticket_start_date":"","_ticket_end_date":"","_tribe_ticket_show_description":"","_tribe_ticket_show_not_going":false,"_tribe_ticket_use_global_stock":"","_tribe_ticket_global_stock_level":"","_global_stock_mode":"","_global_stock_cap":"","_tribe_rsvp_for_event":"","_tribe_ticket_going_count":"","_tribe_ticket_not_going_count":"","_tribe_tickets_list":"[]","_tribe_ticket_has_attendee_info_fields":false,"_EventAllDay":false,"_EventTimezone":"","_EventStartDate":"","_EventEndDate":"","_EventStartDateUTC":"","_EventEndDateUTC":"","_EventShowMap":false,"_EventShowMapLink":false,"_EventURL":"","_EventCost":"","_EventCostDescription":"","_EventCurrencySymbol":"","_EventCurrencyCode":"","_EventCurrencyPosition":"","_EventDateTimeSeparator":"","_EventTimeRangeSeparator":"","_EventOrganizerID":[],"_EventVenueID":[],"_OrganizerEmail":"","_OrganizerPhone":"","_OrganizerWebsite":"","_VenueAddress":"","_VenueCity":"","_VenueCountry":"","_VenueProvince":"","_VenueState":"","_VenueZip":"","_VenuePhone":"","_VenueURL":"","_VenueStateProvince":"","_VenueLat":"","_VenueLng":"","_VenueShowMap":false,"_VenueShowMapLink":false,"_jetpack_newsletter_access":"","_jetpack_dont_email_post_to_subs":false,"_jetpack_newsletter_tier_id":0,"_jetpack_memberships_contains_paywalled_content":false,"_jetpack_memberships_contains_paid_content":false,"footnotes":"","jetpack_publicize_message":"","jetpack_publicize_feature_enabled":true,"jetpack_social_post_already_shared":false,"jetpack_social_options":{"image_generator_settings":{"template":"highway","default_image_id":0,"font":"","enabled":false},"version":2},"_wpas_customize_per_network":false,"jetpack_post_was_ever_published":false},"categories":[1],"tags":[],"class_list":["post-458","post","type-post","status-publish","format-standard","hentry","category-uncategorized"],"jetpack_publicize_connections":[],"jetpack_featured_media_url":"","jetpack_likes_enabled":true,"jetpack_sharing_enabled":true,"jetpack_shortlink":"https:\/\/wp.me\/p9ETog-7o","jetpack-related-posts":[{"id":757,"url":"https:\/\/alliasbl.lu\/fr\/2024\/11\/26\/une-loi-en-projet\/","url_meta":{"origin":458,"position":0},"title":"Une loi en projet&#8230;","author":"alliasbl","date":"26 novembre, 2024","format":false,"excerpt":"Le 25 juillet 2024, le gouvernement a pr\u00e9sent\u00e9 sa vision d'un meilleur encadrement de l'enseignement \u00e0 domicile \u00e0 la chambre des d\u00e9put\u00e9s lors d'une r\u00e9union en commission. ALLI asbl a r\u00e9dig\u00e9 des commentaires et \u00e9labor\u00e9 11 propositions pour en discuter avec les repr\u00e9sentants des partis politiques de Luxembourg. Lire nos\u2026","rel":"","context":"Article similaire","block_context":{"text":"Article similaire","link":""},"img":{"alt_text":"","src":"https:\/\/i0.wp.com\/alliasbl.lu\/wp-content\/uploads\/2024\/11\/Capture-decran-2024-11-03-a-10.06.23-13-1024x557.png?resize=350%2C200&ssl=1","width":350,"height":200,"srcset":"https:\/\/i0.wp.com\/alliasbl.lu\/wp-content\/uploads\/2024\/11\/Capture-decran-2024-11-03-a-10.06.23-13-1024x557.png?resize=350%2C200&ssl=1 1x, https:\/\/i0.wp.com\/alliasbl.lu\/wp-content\/uploads\/2024\/11\/Capture-decran-2024-11-03-a-10.06.23-13-1024x557.png?resize=525%2C300&ssl=1 1.5x, https:\/\/i0.wp.com\/alliasbl.lu\/wp-content\/uploads\/2024\/11\/Capture-decran-2024-11-03-a-10.06.23-13-1024x557.png?resize=700%2C400&ssl=1 2x"},"classes":[]},{"id":1308,"url":"https:\/\/alliasbl.lu\/fr\/2025\/12\/10\/%f0%9f%8c%8d-futureed-learning-planet-festival-janvier-2026\/","url_meta":{"origin":458,"position":1},"title":"\ud83c\udf0d FutureEd @ Learning Planet Festival \u2013 Janvier 2026","author":"alliasbl","date":"10 d\u00e9cembre, 2025","format":false,"excerpt":"3 sessions en ligne pour repenser l\u2019\u00e9ducation \u00e0 travers les droits humains Dans le cadre du projet\u00a0FutureEd, cofinanc\u00e9 par l\u2019Union europ\u00e9enne,\u00a0ALLI asbl\u00a0vous invite \u00e0 trois rencontres inspirantes durant le\u00a0Learning Planet Festival 2026 sur le th\u00e8me\u00a0\"Prendre soin de soi, des autres et de la plan\u00e8te\". Ensemble, explorons comment une \u00e9ducation centr\u00e9e\u2026","rel":"","context":"Dans &quot;Event&quot;","block_context":{"text":"Event","link":"https:\/\/alliasbl.lu\/fr\/category\/event\/"},"img":{"alt_text":"","src":"https:\/\/i0.wp.com\/alliasbl.lu\/wp-content\/uploads\/2025\/12\/image.png?fit=768%2C252&ssl=1&resize=350%2C200","width":350,"height":200,"srcset":"https:\/\/i0.wp.com\/alliasbl.lu\/wp-content\/uploads\/2025\/12\/image.png?fit=768%2C252&ssl=1&resize=350%2C200 1x, https:\/\/i0.wp.com\/alliasbl.lu\/wp-content\/uploads\/2025\/12\/image.png?fit=768%2C252&ssl=1&resize=525%2C300 1.5x, https:\/\/i0.wp.com\/alliasbl.lu\/wp-content\/uploads\/2025\/12\/image.png?fit=768%2C252&ssl=1&resize=700%2C400 2x"},"classes":[]},{"id":1595,"url":"https:\/\/alliasbl.lu\/fr\/2026\/04\/24\/%f0%9f%93%a2-workshop-17-june-2026\/","url_meta":{"origin":458,"position":2},"title":"\ud83d\udce2 Workshop \u2013 17 June 2026","author":"alliasbl","date":"24 avril, 2026","format":false,"excerpt":"What if students didn\u2019t just learn about rights\u2014but actually lived them every day at school? This certified training \u2014 \u201cFC-10D-115 \u00b7 From Rights to Action: Human Rights, Democratic Education, and Digital Citizenship\u201d \u2014 featured in the catalogue of the Institut de formation de l'\u00c9ducation nationale (IFEN), invites you to explore\u2026","rel":"","context":"Dans &quot;Event&quot;","block_context":{"text":"Event","link":"https:\/\/alliasbl.lu\/fr\/category\/event\/"},"img":{"alt_text":"","src":"https:\/\/i0.wp.com\/alliasbl.lu\/wp-content\/uploads\/2026\/04\/Capture-decran-2025-11-28-a-13.01.15.png?resize=350%2C200&ssl=1","width":350,"height":200,"srcset":"https:\/\/i0.wp.com\/alliasbl.lu\/wp-content\/uploads\/2026\/04\/Capture-decran-2025-11-28-a-13.01.15.png?resize=350%2C200&ssl=1 1x, https:\/\/i0.wp.com\/alliasbl.lu\/wp-content\/uploads\/2026\/04\/Capture-decran-2025-11-28-a-13.01.15.png?resize=525%2C300&ssl=1 1.5x, https:\/\/i0.wp.com\/alliasbl.lu\/wp-content\/uploads\/2026\/04\/Capture-decran-2025-11-28-a-13.01.15.png?resize=700%2C400&ssl=1 2x"},"classes":[]}],"_links":{"self":[{"href":"https:\/\/alliasbl.lu\/fr\/wp-json\/wp\/v2\/posts\/458","targetHints":{"allow":["GET"]}}],"collection":[{"href":"https:\/\/alliasbl.lu\/fr\/wp-json\/wp\/v2\/posts"}],"about":[{"href":"https:\/\/alliasbl.lu\/fr\/wp-json\/wp\/v2\/types\/post"}],"author":[{"embeddable":true,"href":"https:\/\/alliasbl.lu\/fr\/wp-json\/wp\/v2\/users\/135013625"}],"replies":[{"embeddable":true,"href":"https:\/\/alliasbl.lu\/fr\/wp-json\/wp\/v2\/comments?post=458"}],"version-history":[{"count":13,"href":"https:\/\/alliasbl.lu\/fr\/wp-json\/wp\/v2\/posts\/458\/revisions"}],"predecessor-version":[{"id":893,"href":"https:\/\/alliasbl.lu\/fr\/wp-json\/wp\/v2\/posts\/458\/revisions\/893"}],"wp:attachment":[{"href":"https:\/\/alliasbl.lu\/fr\/wp-json\/wp\/v2\/media?parent=458"}],"wp:term":[{"taxonomy":"category","embeddable":true,"href":"https:\/\/alliasbl.lu\/fr\/wp-json\/wp\/v2\/categories?post=458"},{"taxonomy":"post_tag","embeddable":true,"href":"https:\/\/alliasbl.lu\/fr\/wp-json\/wp\/v2\/tags?post=458"}],"curies":[{"name":"wp","href":"https:\/\/api.w.org\/{rel}","templated":true}]}}