{"id":1595,"date":"2026-04-24T08:04:06","date_gmt":"2026-04-24T06:04:06","guid":{"rendered":"https:\/\/alliasbl.lu\/?p=1595"},"modified":"2026-04-24T08:04:06","modified_gmt":"2026-04-24T06:04:06","slug":"workshop-17-june-2026","status":"publish","type":"post","link":"https:\/\/alliasbl.lu\/en\/2026\/04\/24\/%f0%9f%93%a2-workshop-17-june-2026\/","title":{"rendered":"\ud83d\udce2 Workshop \u2013 17 June 2026"},"content":{"rendered":"<figure class=\"wp-block-image size-full is-resized\"><img data-recalc-dims=\"1\" fetchpriority=\"high\" decoding=\"async\" width=\"760\" height=\"262\" data-attachment-id=\"1599\" data-permalink=\"https:\/\/alliasbl.lu\/en\/2026\/04\/24\/%f0%9f%93%a2-workshop-17-june-2026\/capture-decran-2026-02-12-a-08-05-58\/\" data-orig-file=\"https:\/\/i0.wp.com\/alliasbl.lu\/wp-content\/uploads\/2026\/04\/Capture-decran-2026-02-12-a-08.05.58.png?fit=760%2C262&amp;ssl=1\" data-orig-size=\"760,262\" data-comments-opened=\"0\" data-image-meta=\"{&quot;aperture&quot;:&quot;0&quot;,&quot;credit&quot;:&quot;&quot;,&quot;camera&quot;:&quot;&quot;,&quot;caption&quot;:&quot;&quot;,&quot;created_timestamp&quot;:&quot;0&quot;,&quot;copyright&quot;:&quot;&quot;,&quot;focal_length&quot;:&quot;0&quot;,&quot;iso&quot;:&quot;0&quot;,&quot;shutter_speed&quot;:&quot;0&quot;,&quot;title&quot;:&quot;&quot;,&quot;orientation&quot;:&quot;0&quot;}\" data-image-title=\"Capture d\u2019e\u0301cran 2026-02-12 a\u0300 08.05.58\" data-image-description=\"\" data-image-caption=\"\" data-large-file=\"https:\/\/i0.wp.com\/alliasbl.lu\/wp-content\/uploads\/2026\/04\/Capture-decran-2026-02-12-a-08.05.58.png?fit=760%2C262&amp;ssl=1\" src=\"https:\/\/i0.wp.com\/alliasbl.lu\/wp-content\/uploads\/2026\/04\/Capture-decran-2026-02-12-a-08.05.58.png?resize=760%2C262&#038;ssl=1\" alt=\"\" class=\"wp-image-1599\" style=\"aspect-ratio:2.900796841874406;width:307px;height:auto\" srcset=\"https:\/\/i0.wp.com\/alliasbl.lu\/wp-content\/uploads\/2026\/04\/Capture-decran-2026-02-12-a-08.05.58.png?w=760&amp;ssl=1 760w, https:\/\/i0.wp.com\/alliasbl.lu\/wp-content\/uploads\/2026\/04\/Capture-decran-2026-02-12-a-08.05.58.png?resize=300%2C103&amp;ssl=1 300w, https:\/\/i0.wp.com\/alliasbl.lu\/wp-content\/uploads\/2026\/04\/Capture-decran-2026-02-12-a-08.05.58.png?resize=18%2C6&amp;ssl=1 18w\" sizes=\"(max-width: 760px) 100vw, 760px\" \/><\/figure>\n\n\n\n<p class=\"wp-block-paragraph\"><strong>What if students didn\u2019t just <em>learn<\/em> about rights\u2014but actually <em>lived<\/em> them every day at school?<\/strong><\/p>\n\n\n\n<p class=\"wp-block-paragraph\">This certified training \u2014 <em>\"<strong>FC-10D-115 \u00b7 From Rights to Action: Human Rights, Democratic Education, and Digital Citizenship<\/strong>\"<\/em> \u2014 featured in the catalogue of the National Education Training Institute (<strong>IFEN<\/strong>), invites you to explore practical ways to bring participation, democracy, and human rights into your classroom.<\/p>\n\n\n\n<p class=\"wp-block-paragraph\">Aligned with the Council of Europe Reference Framework of Competences for Democratic Culture (RFCDC), this course draws on real European practices in democratic education and participatory school governance.<\/p>\n\n\n\n<p class=\"wp-block-paragraph\">\ud83d\udc49 <strong>Reserve your place:<\/strong> <a href=\"https:\/\/ssl.education.lu\/ifen\/catalog\/course\/295522\">https:\/\/ssl.education.lu\/ifen\/catalog\/course\/295522<\/a><\/p>\n\n\n\n<hr class=\"wp-block-separator has-alpha-channel-opacity\"\/>\n\n\n\n<p class=\"wp-block-paragraph\">\ud83d\udc65 <strong>Learn from experienced practitioners<\/strong><\/p>\n\n\n\n<p class=\"wp-block-paragraph\">\ud83d\udd39 Charlie Moreno-Romero (EUDEC) \u2013 co-founder of a democratic branch within a state school in Estonia. <a href=\"https:\/\/www.youtube.com\/watch?v=WYjkIIMmhcs\">Suvem\u00e4e \u2013 Pioneer of possibility<\/a>. <a href=\"https:\/\/www.progressiveeducation.org\/voices-from-the-sector\/state-school-innovator-voices\/state-school-innovator-voice-3\/\">Article<\/a> <br>\ud83d\udd39 Paola Boccia (<a href=\"https:\/\/eudec.org\">EUDEC<\/a>) \u2013 hands-on experience in democratic schools across Europe<br>\ud83d\udd39 <a href=\"https:\/\/www.linkedin.com\/in\/carrilloliliana\">Liliana Carillo<\/a> \u2013 Researcher and entrepreneur with over 20 years in ICT, AI, and inclusive education.<\/p>\n\n\n\n<hr class=\"wp-block-separator has-alpha-channel-opacity\"\/>\n\n\n\n<p class=\"wp-block-paragraph\">\ud83d\udca1 <strong>Walk away with concrete ideas you can apply straight away.<\/strong><\/p>\n\n\n\n<p class=\"wp-block-paragraph\">Spots are limited\u2014don\u2019t delay.<\/p>\n\n\n\n<figure class=\"wp-block-image size-full is-resized\"><img data-recalc-dims=\"1\" decoding=\"async\" width=\"708\" height=\"216\" data-attachment-id=\"1600\" data-permalink=\"https:\/\/alliasbl.lu\/en\/2026\/04\/24\/%f0%9f%93%a2-workshop-17-june-2026\/capture-decran-2025-11-28-a-13-01-15-2\/\" data-orig-file=\"https:\/\/i0.wp.com\/alliasbl.lu\/wp-content\/uploads\/2026\/04\/Capture-decran-2025-11-28-a-13.01.15.png?fit=708%2C216&amp;ssl=1\" data-orig-size=\"708,216\" data-comments-opened=\"0\" data-image-meta=\"{&quot;aperture&quot;:&quot;0&quot;,&quot;credit&quot;:&quot;&quot;,&quot;camera&quot;:&quot;&quot;,&quot;caption&quot;:&quot;&quot;,&quot;created_timestamp&quot;:&quot;0&quot;,&quot;copyright&quot;:&quot;&quot;,&quot;focal_length&quot;:&quot;0&quot;,&quot;iso&quot;:&quot;0&quot;,&quot;shutter_speed&quot;:&quot;0&quot;,&quot;title&quot;:&quot;&quot;,&quot;orientation&quot;:&quot;0&quot;}\" data-image-title=\"Capture d\u2019e\u0301cran 2025-11-28 a\u0300 13.01.15\" data-image-description=\"\" data-image-caption=\"\" data-large-file=\"https:\/\/i0.wp.com\/alliasbl.lu\/wp-content\/uploads\/2026\/04\/Capture-decran-2025-11-28-a-13.01.15.png?fit=708%2C216&amp;ssl=1\" src=\"https:\/\/i0.wp.com\/alliasbl.lu\/wp-content\/uploads\/2026\/04\/Capture-decran-2025-11-28-a-13.01.15.png?resize=708%2C216&#038;ssl=1\" alt=\"\" class=\"wp-image-1600\" style=\"aspect-ratio:3.277984304006609;width:265px;height:auto\" srcset=\"https:\/\/i0.wp.com\/alliasbl.lu\/wp-content\/uploads\/2026\/04\/Capture-decran-2025-11-28-a-13.01.15.png?w=708&amp;ssl=1 708w, https:\/\/i0.wp.com\/alliasbl.lu\/wp-content\/uploads\/2026\/04\/Capture-decran-2025-11-28-a-13.01.15.png?resize=300%2C92&amp;ssl=1 300w, https:\/\/i0.wp.com\/alliasbl.lu\/wp-content\/uploads\/2026\/04\/Capture-decran-2025-11-28-a-13.01.15.png?resize=18%2C5&amp;ssl=1 18w\" sizes=\"(max-width: 708px) 100vw, 708px\" \/><\/figure>","protected":false},"excerpt":{"rendered":"<p>What if students didn\u2019t just learn about rights\u2014but actually lived them every day at school? This certified training \u2014 \u201cFC-10D-115 \u00b7 From Rights to Action: Human Rights, Democratic Education, and [&hellip;]<\/p>\n","protected":false},"author":135013625,"featured_media":0,"comment_status":"closed","ping_status":"closed","sticky":true,"template":"","format":"standard","meta":{"_coblocks_attr":"","_coblocks_dimensions":"","_coblocks_responsive_height":"","_coblocks_accordion_ie_support":"","_crdt_document":"","advanced_seo_description":"","jetpack_seo_html_title":"","jetpack_seo_noindex":false,"_price":"","_stock":"","_tribe_ticket_header":"","_tribe_default_ticket_provider":"","_tribe_ticket_capacity":"0","_ticket_start_date":"","_ticket_end_date":"","_tribe_ticket_show_description":"","_tribe_ticket_show_not_going":false,"_tribe_ticket_use_global_stock":"","_tribe_ticket_global_stock_level":"","_global_stock_mode":"","_global_stock_cap":"","_tribe_rsvp_for_event":"","_tribe_ticket_going_count":"","_tribe_ticket_not_going_count":"","_tribe_tickets_list":"[]","_tribe_ticket_has_attendee_info_fields":false,"_EventAllDay":false,"_EventTimezone":"","_EventStartDate":"","_EventEndDate":"","_EventStartDateUTC":"","_EventEndDateUTC":"","_EventShowMap":false,"_EventShowMapLink":false,"_EventURL":"","_EventCost":"","_EventCostDescription":"","_EventCurrencySymbol":"","_EventCurrencyCode":"","_EventCurrencyPosition":"","_EventDateTimeSeparator":"","_EventTimeRangeSeparator":"","_EventOrganizerID":[],"_EventVenueID":[],"_OrganizerEmail":"","_OrganizerPhone":"","_OrganizerWebsite":"","_VenueAddress":"","_VenueCity":"","_VenueCountry":"","_VenueProvince":"","_VenueState":"","_VenueZip":"","_VenuePhone":"","_VenueURL":"","_VenueStateProvince":"","_VenueLat":"","_VenueLng":"","_VenueShowMap":false,"_VenueShowMapLink":false,"_jetpack_newsletter_access":"","_jetpack_dont_email_post_to_subs":false,"_jetpack_newsletter_tier_id":0,"_jetpack_memberships_contains_paywalled_content":false,"_jetpack_memberships_contains_paid_content":false,"footnotes":"","jetpack_publicize_message":"","jetpack_publicize_feature_enabled":true,"jetpack_social_post_already_shared":true,"jetpack_social_options":{"image_generator_settings":{"template":"highway","default_image_id":0,"font":"","enabled":false},"version":2},"_wpas_customize_per_network":false,"jetpack_post_was_ever_published":false},"categories":[5784],"tags":[],"class_list":["post-1595","post","type-post","status-publish","format-standard","hentry","category-event"],"jetpack_publicize_connections":[],"jetpack_featured_media_url":"","jetpack_likes_enabled":true,"jetpack_sharing_enabled":true,"jetpack_shortlink":"https:\/\/wp.me\/p9ETog-pJ","jetpack-related-posts":[{"id":1037,"url":"https:\/\/alliasbl.lu\/en\/2025\/05\/19\/un-contribution-18-05-25\/","url_meta":{"origin":1595,"position":0},"title":"UN Contribution 18.05.25","author":"alliasbl","date":"19 May, 2025","format":false,"excerpt":"Response to the call for contributions for the preparation of the first session of the open-ended intergovernmental working group on an optional protocol to the Convention on the Rights of the Child.By ALLI asbl &amp; Rights-Centric Education Network (RCEN)Read the document: \ud83c\uddeb\ud83c\uddf7 \ud83c\uddec\ud83c\udde7 \ud83c\udde9\ud83c\uddea","rel":"","context":"Similar post","block_context":{"text":"Similar post","link":""},"img":{"alt_text":"","src":"","width":0,"height":0},"classes":[]},{"id":1308,"url":"https:\/\/alliasbl.lu\/en\/2025\/12\/10\/%f0%9f%8c%8d-futureed-learning-planet-festival-janvier-2026\/","url_meta":{"origin":1595,"position":1},"title":"\ud83c\udf0d FutureEd @ Learning Planet Festival - January 2026","author":"alliasbl","date":"10 December, 2025","format":false,"excerpt":"3 sessions en ligne pour repenser l\u2019\u00e9ducation \u00e0 travers les droits humains Dans le cadre du projet\u00a0FutureEd, cofinanc\u00e9 par l\u2019Union europ\u00e9enne,\u00a0ALLI asbl\u00a0vous invite \u00e0 trois rencontres inspirantes durant le\u00a0Learning Planet Festival 2026 sur le th\u00e8me\u00a0\"Prendre soin de soi, des autres et de la plan\u00e8te\". Ensemble, explorons comment une \u00e9ducation centr\u00e9e\u2026","rel":"","context":"In &quot;Event&quot;","block_context":{"text":"Event","link":"https:\/\/alliasbl.lu\/en\/category\/event\/"},"img":{"alt_text":"","src":"https:\/\/i0.wp.com\/alliasbl.lu\/wp-content\/uploads\/2025\/12\/image.png?fit=768%2C252&ssl=1&resize=350%2C200","width":350,"height":200,"srcset":"https:\/\/i0.wp.com\/alliasbl.lu\/wp-content\/uploads\/2025\/12\/image.png?fit=768%2C252&ssl=1&resize=350%2C200 1x, https:\/\/i0.wp.com\/alliasbl.lu\/wp-content\/uploads\/2025\/12\/image.png?fit=768%2C252&ssl=1&resize=525%2C300 1.5x, https:\/\/i0.wp.com\/alliasbl.lu\/wp-content\/uploads\/2025\/12\/image.png?fit=768%2C252&ssl=1&resize=700%2C400 2x"},"classes":[]},{"id":1470,"url":"https:\/\/alliasbl.lu\/en\/2026\/03\/20\/podcasthon-2026\/","url_meta":{"origin":1595,"position":2},"title":"Podcasthon 2026","author":"alliasbl","date":"20 March, 2026","format":false,"excerpt":"Autour du t\u00e9moignage de Denis Sandrine, enseignante \u00e0 l'\u00c9cole Europ\u00e9enne Mamer II, la podcasteuse Anne-Claire Delval a r\u00e9uni deux invit\u00e9es: Katy Zago, repr\u00e9sentant ALLI asbl - Association Luxembourgeoise pour la Libert\u00e9 d'Instruction- et Sophie Le Dorner, porteuse du IDG (Inner Development Goals) Hub \"Learning in the Flow of Life\".\u00a0 Il\u2026","rel":"","context":"Similar post","block_context":{"text":"Similar post","link":""},"img":{"alt_text":"","src":"","width":0,"height":0},"classes":[]},{"id":985,"url":"https:\/\/alliasbl.lu\/en\/2025\/04\/28\/information-meetings\/","url_meta":{"origin":1595,"position":3},"title":"Information meetings","author":"alliasbl","date":"28 April, 2025","format":false,"excerpt":"Chaque 3\u00e8me dimanche du mois \u00e0 partir de mai 2025, une r\u00e9union d'information virtuelle sera organis\u00e9e pour r\u00e9pondre \u00e0 vos questions sur l'enseignement \u00e0 domicile.An jedem dritten Sonntag im Monat wird ab Mai 2025 eine virtuelle Informationsveranstaltung stattfinden, um Ihre Fragen zum Thema Heimunterricht zu beantworten. Every 3rd Sunday of\u2026","rel":"","context":"Similar post","block_context":{"text":"Similar post","link":""},"img":{"alt_text":"","src":"","width":0,"height":0},"classes":[]},{"id":1212,"url":"https:\/\/alliasbl.lu\/en\/2025\/09\/10\/projet-de-loi-draft-law-gesetzentwurf-online\/","url_meta":{"origin":1595,"position":4},"title":"Projet de loi \/ Draft law \/ Gesetzentwurf online","author":"alliasbl","date":"10 September, 2025","format":false,"excerpt":"FR: Le projet de loi sur l'enseignement \u00e0 domicile est publi\u00e9 sur le lien ci-dessous.DE: Der Gesetzentwurf zum Heimunterricht wurde hierunter ver\u00f6ffentlicht.EN: The draft Home Education Bill has been published on the following link.https:\/\/wdocs-pub.chd.lu\/docs\/Dossiers_parlementaires\/8588\/20250724_Depot.pdf","rel":"","context":"Similar post","block_context":{"text":"Similar post","link":""},"img":{"alt_text":"","src":"","width":0,"height":0},"classes":[]},{"id":1246,"url":"https:\/\/alliasbl.lu\/en\/2025\/10\/13\/projet-de-loi-draft-law-gesetzentwurf-8588\/","url_meta":{"origin":1595,"position":5},"title":"Projet de loi \/ Draft law \/ Gesetzentwurf 8588","author":"alliasbl","date":"13 October, 2025","format":false,"excerpt":"FR: Notre avis sur le projet de loi n\u00b08588 sur l'enseignement \u00e0 domicile est disponible sur notre page publications. DE: Unsere Stellungnahme zum Gesetzentwurf n\u00b08588 \u00fcber den Heimunterricht ist auf unserer Seite \"Ver\u00f6ffentlichungen\" verf\u00fcgbar.EN: Our opinion on the Home Education Bill n\u00b08588 is available on our publications page.","rel":"","context":"Similar post","block_context":{"text":"Similar post","link":""},"img":{"alt_text":"","src":"","width":0,"height":0},"classes":[]}],"_links":{"self":[{"href":"https:\/\/alliasbl.lu\/en\/wp-json\/wp\/v2\/posts\/1595","targetHints":{"allow":["GET"]}}],"collection":[{"href":"https:\/\/alliasbl.lu\/en\/wp-json\/wp\/v2\/posts"}],"about":[{"href":"https:\/\/alliasbl.lu\/en\/wp-json\/wp\/v2\/types\/post"}],"author":[{"embeddable":true,"href":"https:\/\/alliasbl.lu\/en\/wp-json\/wp\/v2\/users\/135013625"}],"replies":[{"embeddable":true,"href":"https:\/\/alliasbl.lu\/en\/wp-json\/wp\/v2\/comments?post=1595"}],"version-history":[{"count":14,"href":"https:\/\/alliasbl.lu\/en\/wp-json\/wp\/v2\/posts\/1595\/revisions"}],"predecessor-version":[{"id":1611,"href":"https:\/\/alliasbl.lu\/en\/wp-json\/wp\/v2\/posts\/1595\/revisions\/1611"}],"wp:attachment":[{"href":"https:\/\/alliasbl.lu\/en\/wp-json\/wp\/v2\/media?parent=1595"}],"wp:term":[{"taxonomy":"category","embeddable":true,"href":"https:\/\/alliasbl.lu\/en\/wp-json\/wp\/v2\/categories?post=1595"},{"taxonomy":"post_tag","embeddable":true,"href":"https:\/\/alliasbl.lu\/en\/wp-json\/wp\/v2\/tags?post=1595"}],"curies":[{"name":"wp","href":"https:\/\/api.w.org\/{rel}","templated":true}]}}