{"id":1436,"date":"2026-02-13T23:00:55","date_gmt":"2026-02-13T22:00:55","guid":{"rendered":"https:\/\/alliasbl.lu\/?p=1436"},"modified":"2026-04-04T22:49:17","modified_gmt":"2026-04-04T20:49:17","slug":"general-meeting-15-march-2026","status":"publish","type":"post","link":"https:\/\/alliasbl.lu\/en\/2026\/02\/13\/assemblee-generale-15-mars-2026\/","title":{"rendered":"General Assembly 15 March 2026"},"content":{"rendered":"<p class=\"wp-block-paragraph\">The ALLI General Meeting will be held on 15 March 2026 in Kopstal. <br>Registration and information: <a href=\"mailto:alliasbl@gmail.com\">alliasbl@gmail.com<\/a>. <br>Our <a href=\"https:\/\/alliasbl.lu\/en\/publications\/\" data-type=\"link\" data-id=\"https:\/\/alliasbl.lu\/fr\/publications\/\" target=\"_blank\" rel=\"noreferrer noopener\">annual report<\/a> is available at the bottom of our publications page.<br><\/p>\n\n\n\n<p class=\"wp-block-paragraph\"><\/p>","protected":false},"excerpt":{"rendered":"<p>The ALLI General Meeting will be held on 15 March 2026 in Kopstal. Registration and information: alliasbl@gmail.com. Our annual report is available at the bottom of our publications page.<\/p>","protected":false},"author":135013625,"featured_media":0,"comment_status":"closed","ping_status":"closed","sticky":false,"template":"","format":"standard","meta":{"_coblocks_attr":"","_coblocks_dimensions":"","_coblocks_responsive_height":"","_coblocks_accordion_ie_support":"","_crdt_document":"{\"document\":\"AAAG65O7kAZqGwiAAbAPAUmeAgIBAgoCQgEDSgCmDAECCgEESgApKAMnAAQAJwAEACcAKAYnAChNJwAHACgDJwEEACgFJwCHACgDJwEoBSfDGLMXc3RhdGV2ZXJzaW9uZG9jdW1lbnRkYXRlZG9jdW1lbnRzbHVnZG9jdW1lbnRzdGF0dXNkb2N1bWVudHRpdGxlQXNzZW1ibMOpZSBnw6luw6lyYWxlIDE1IG1hcnMgMjAyNmRvY3VtZW50Y29udGVudDwhLS0gd3A6cGFyYWdyYXBoIC0tPgo8cD5MJ2Fzc2VtYmzDqWUgZ8OpbsOpcmFsZSBkZSBBTExJIHNlIHRpZW5kcmEgbGUgMTUgbWFycyAyMDI2IMOgIEtvcHN0YWwuIDxicj5JbnNjcmlwdGlvbnMgZXQgaW5mb3M6IDxhIGhyZWY9Im1haWx0bzphbGxpYXNibEBnbWFpbC5jb20iPmFsbGlhc2JsQGdtYWlsLmNvbTwvYT4uIDxicj5Ob3RyZSA8YSBocmVmPSJodHRwczovL2FsbGlhc2JsLmx1L2ZyL3B1YmxpY2F0aW9ucy8iIGRhdGEtdHlwZT0ibGluayIgZGF0YS1pZD0iaHR0cHM6Ly9hbGxpYXNibC5sdS9mci9wdWJsaWNhdGlvbnMvIiB0YXJnZXQ9Il9ibGFuayIgcmVsPSJub3JlZmVycmVyIG5vb3BlbmVyIj5yYXBwb3J0IGFubnVlbDwvYT4gZXN0IGRpc3BvbmlibGUgZW4gYmFzIGRlIG5vdHJlIHBhZ2UgcHVibGljYXRpb25zLjxicj48L3A+CjwhLS0gL3dwOnBhcmFncmFwaCAtLT4KCjwhLS0gd3A6cGFyYWdyYXBoIC0tPgo8cD48L3A+CjwhLS0gL3dwOnBhcmFncmFwaCAtLT5kb2N1bWVudGV4Y2VycHRkb2N1bWVudGF1dGhvcmRvY3VtZW50ZmVhdHVyZWRfbWVkaWFkb2N1bWVudGNvbW1lbnRfc3RhdHVzZG9jdW1lbnRwaW5nX3N0YXR1c2RvY3VtZW50c3RpY2t5ZG9jdW1lbnR0ZW1wbGF0ZWRvY3VtZW50Zm9ybWF0ZG9jdW1lbnRtZXRhX2NvYmxvY2tzX2F0dHJfY29ibG9ja3NfZGltZW5zaW9uc19jb2Jsb2Nrc19yZXNwb25zaXZlX2hlaWdodF9jb2Jsb2Nrc19hY2NvcmRpb25faWVfc3VwcG9ydGFkdmFuY2VkX3Nlb19kZXNjcmlwdGlvbmpldHBhY2tfc2VvX2h0bWxfdGl0bGVqZXRwYWNrX3Nlb19ub2luZGV4X3ByaWNlX3N0b2NrX3RyaWJlX3RpY2tldF9oZWFkZXJfdHJpYmVfZGVmYXVsdF90aWNrZXRfcHJvdmlkZXJfdHJpYmVfdGlja2V0X2NhcGFjaXR5X3RpY2tldF9zdGFydF9kYXRlX3RpY2tldF9lbmRfZGF0ZV90cmliZV90aWNrZXRfc2hvd19kZXNjcmlwdGlvbl90cmliZV90aWNrZXRfc2hvd19ub3RfZ29pbmdfdHJpYmVfdGlja2V0X3VzZV9nbG9iYWxfc3RvY2tfdHJpYmVfdGlja2V0X2dsb2JhbF9zdG9ja19sZXZlbF9nbG9iYWxfc3RvY2tfbW9kZV9nbG9iYWxfc3RvY2tfY2FwX3RyaWJlX3JzdnBfZm9yX2V2ZW50X3RyaWJlX3RpY2tldF9nb2luZ19jb3VudF90cmliZV90aWNrZXRfbm90X2dvaW5nX2NvdW50X3RyaWJlX3RpY2tldHNfbGlzdF90cmliZV90aWNrZXRfaGFzX2F0dGVuZGVlX2luZm9fZmllbGRzX0V2ZW50QWxsRGF5X0V2ZW50VGltZXpvbmVfRXZlbnRTdGFydERhdGVfRXZlbnRFbmREYXRlX0V2ZW50U3RhcnREYXRlVVRDX0V2ZW50RW5kRGF0ZVVUQ19FdmVudFNob3dNYXBfRXZlbnRTaG93TWFwTGlua19FdmVudFVSTF9FdmVudENvc3RfRXZlbnRDb3N0RGVzY3JpcHRpb25fRXZlbnRDdXJyZW5jeVN5bWJvbF9FdmVudEN1cnJlbmN5Q29kZV9FdmVudEN1cnJlbmN5UG9zaXRpb25fRXZlbnREYXRlVGltZVNlcGFyYXRvcl9FdmVudFRpbWVSYW5nZVNlcGFyYXRvcl9FdmVudE9yZ2FuaXplcklEX0V2ZW50VmVudWVJRF9Pcmdhbml6ZXJFbWFpbF9Pcmdhbml6ZXJQaG9uZV9Pcmdhbml6ZXJXZWJzaXRlX1ZlbnVlQWRkcmVzc19WZW51ZUNpdHlfVmVudWVDb3VudHJ5X1ZlbnVlUHJvdmluY2VfVmVudWVTdGF0ZV9WZW51ZVppcF9WZW51ZVBob25lX1ZlbnVlVVJMX1ZlbnVlU3RhdGVQcm92aW5jZV9WZW51ZUxhdF9WZW51ZUxuZ19WZW51ZVNob3dNYXBfVmVudWVTaG93TWFwTGlua2pldHBhY2tfcG9zdF93YXNfZXZlcl9wdWJsaXNoZWRfamV0cGFja19uZXdzbGV0dGVyX2FjY2Vzc19qZXRwYWNrX2RvbnRfZW1haWxfcG9zdF90b19zdWJzX2pldHBhY2tfbmV3c2xldHRlcl90aWVyX2lkX2pldHBhY2tfbWVtYmVyc2hpcHNfY29udGFpbnNfcGF5d2FsbGVkX2NvbnRlbnRfamV0cGFja19tZW1iZXJzaGlwc19jb250YWluc19wYWlkX2NvbnRlbnRmb290bm90ZXNqZXRwYWNrX3B1YmxpY2l6ZV9tZXNzYWdlamV0cGFja19wdWJsaWNpemVfZmVhdHVyZV9lbmFibGVkamV0cGFja19zb2NpYWxfcG9zdF9hbHJlYWR5X3NoYXJlZGpldHBhY2tfc29jaWFsX29wdGlvbnNfd3Bhc19jdXN0b21pemVfcGVyX25ldHdvcmtfZWxlbWVudG9yX2VkaXRfbW9kZV9lbGVtZW50b3JfdGVtcGxhdGVfdHlwZV9lbGVtZW50b3JfZGF0YV9lbGVtZW50b3JfcGFnZV9zZXR0aW5nc19lbGVtZW50b3JfY29uZGl0aW9uc2RvY3VtZW50Y2F0ZWdvcmllc2RvY3VtZW50dGFnc2RvY3VtZW50YmxvY2tzY2xpZW50SWRpc1ZhbGlkb3JpZ2luYWxDb250ZW50bmFtZWF0dHJpYnV0ZXNjb250ZW50TCdhc3NlbWJsw6llIGfDqW7DqXJhbGUgZGUgQUxMSSBzZSB0aWVuZHJhIGxlIDE1IG1hcnMgMjAyNiDDoCBLb3BzdGFsLiA8YnI+SW5zY3JpcHRpb25zIGV0IGluZm9zOiA8YSBocmVmPSJtYWlsdG86YWxsaWFzYmxAZ21haWwuY29tIj5hbGxpYXNibEBnbWFpbC5jb208L2E+LiA8YnI+Tm90cmUgPGEgaHJlZj0iaHR0cHM6Ly9hbGxpYXNibC5sdS9mci9wdWJsaWNhdGlvbnMvIiBkYXRhLXR5cGU9ImxpbmsiIGRhdGEtaWQ9Imh0dHBzOi8vYWxsaWFzYmwubHUvZnIvcHVibGljYXRpb25zLyIgdGFyZ2V0PSJfYmxhbmsiIHJlbD0ibm9yZWZlcnJlciBub29wZW5lciI+cmFwcG9ydCBhbm51ZWw8L2E+IGVzdCBkaXNwb25pYmxlIGVuIGJhcyBkZSBub3RyZSBwYWdlIHB1YmxpY2F0aW9ucy48YnI+ZHJvcENhcFRycENvbnRlbnRSZXN0cmljdGlvbmZvbnRXZWlnaHR0ZXh0VHJhbnNmb3Jtbm9Cb3R0b21TcGFjaW5nbm9Ub3BTcGFjaW5naW5uZXJCbG9ja3NjbGllbnRJZGlzVmFsaWRvcmlnaW5hbENvbnRlbnRuYW1lYXR0cmlidXRlc2NvbnRlbnRkcm9wQ2FwVHJwQ29udGVudFJlc3RyaWN0aW9uZm9udFdlaWdodHRleHRUcmFuc2Zvcm1ub0JvdHRvbVNwYWNpbmdub1RvcFNwYWNpbmdpbm5lckJsb2NrcwUHCAQIBAgGCAUfCAevBwgHCAYIDggOCAsIBkgBBggEDhQbHhgWE0YAFB4WEhAeHB4gEhEVGR0TJgwODw0SEA0RCQoVFBIWFxgRDU8AEQ0KDQ4LCQsJE0kADREfGiAbLyoJGSEiFhsUGA8YFQgKCAQIBggHDwQKB4UGBxUKDQ8MCwgHDwQKRwAVCg0PDAsPAQQAAAEAAAABCABLAQIADEIBAQBBAAIAQQACAAJBawF9AH0BdxMyMDI2LTAyLTEzVDIzOjAwOjU1dx9hc3NlbWJsZWUtZ2VuZXJhbGUtMTUtbWFycy0yMDI2dwdwdWJsaXNofbmT4YABfQB3BmNsb3NlZHcGY2xvc2VkeXcAdwhzdGFuZGFyZHcAdwB3AHcAdwB3AHl3AHcAdwB3AHcAdwB3AHcAeXcAdwB3AHcAdwB3AHcAdwJbXXl5dwB3AHcAdwB3AHl5dwB3AHcAdwB3AHcAdwB3AHUAdQB3AHcAdwB3AHcAdwB3AHcAdwB3AHcAdwB3AHcAeXl5dwB5fQB5eXcAdwB4eHYCGGltYWdlX2dlbmVyYXRvcl9zZXR0aW5nc3YECHRlbXBsYXRldwdoaWdod2F5EGRlZmF1bHRfaW1hZ2VfaWR9AARmb250dwAHZW5hYmxlZHkHdmVyc2lvbn0CeXcAdwB3AH51AHUBfQF1AHckNzQ0ZjFiMzQtOTg5OC00NjA3LTk5NjctYmRlNGM1YWU0ZmM2eHeQAzxwPkwnYXNzZW1ibMOpZSBnw6luw6lyYWxlIGRlIEFMTEkgc2UgdGllbmRyYSBsZSAxNSBtYXJzIDIwMjYgw6AgS29wc3RhbC4gPGJyPkluc2NyaXB0aW9ucyBldCBpbmZvczogPGEgaHJlZj0ibWFpbHRvOmFsbGlhc2JsQGdtYWlsLmNvbSI+YWxsaWFzYmxAZ21haWwuY29tPC9hPi4gPGJyPk5vdHJlIDxhIGhyZWY9Imh0dHBzOi8vYWxsaWFzYmwubHUvZnIvcHVibGljYXRpb25zLyIgZGF0YS10eXBlPSJsaW5rIiBkYXRhLWlkPSJodHRwczovL2FsbGlhc2JsLmx1L2ZyL3B1YmxpY2F0aW9ucy8iIHRhcmdldD0iX2JsYW5rIiByZWw9Im5vcmVmZXJyZXIgbm9vcGVuZXIiPnJhcHBvcnQgYW5udWVsPC9hPiBlc3QgZGlzcG9uaWJsZSBlbiBiYXMgZGUgbm90cmUgcGFnZSBwdWJsaWNhdGlvbnMuPGJyPjwvcD53DmNvcmUvcGFyYWdyYXBoeXYDEHJlc3RyaWN0aW9uX3R5cGV3B2V4Y2x1ZGUSc2VsZWN0ZWRfbGFuZ3VhZ2VzdQAKcGFuZWxfb3Blbnh3AHcAeXl3JDM1Y2UxMTZhLTE4MWItNGZkNC1iYzljLTQ3NTRmZWJmYmJkNHh3BzxwPjwvcD53DmNvcmUvcGFyYWdyYXBoeXYDEHJlc3RyaWN0aW9uX3R5cGV3B2V4Y2x1ZGUSc2VsZWN0ZWRfbGFuZ3VhZ2VzdQAKcGFuZWxfb3Blbnh3AHcAeXkA\",\"updateId\":650523126}","advanced_seo_description":"","jetpack_seo_html_title":"","jetpack_seo_noindex":false,"_price":"","_stock":"","_tribe_ticket_header":"","_tribe_default_ticket_provider":"","_tribe_ticket_capacity":"","_ticket_start_date":"","_ticket_end_date":"","_tribe_ticket_show_description":"","_tribe_ticket_show_not_going":false,"_tribe_ticket_use_global_stock":"","_tribe_ticket_global_stock_level":"","_global_stock_mode":"","_global_stock_cap":"","_tribe_rsvp_for_event":"","_tribe_ticket_going_count":"","_tribe_ticket_not_going_count":"","_tribe_tickets_list":"[]","_tribe_ticket_has_attendee_info_fields":false,"_EventAllDay":false,"_EventTimezone":"","_EventStartDate":"","_EventEndDate":"","_EventStartDateUTC":"","_EventEndDateUTC":"","_EventShowMap":false,"_EventShowMapLink":false,"_EventURL":"","_EventCost":"","_EventCostDescription":"","_EventCurrencySymbol":"","_EventCurrencyCode":"","_EventCurrencyPosition":"","_EventDateTimeSeparator":"","_EventTimeRangeSeparator":"","_EventOrganizerID":[],"_EventVenueID":[],"_OrganizerEmail":"","_OrganizerPhone":"","_OrganizerWebsite":"","_VenueAddress":"","_VenueCity":"","_VenueCountry":"","_VenueProvince":"","_VenueState":"","_VenueZip":"","_VenuePhone":"","_VenueURL":"","_VenueStateProvince":"","_VenueLat":"","_VenueLng":"","_VenueShowMap":false,"_VenueShowMapLink":false,"_jetpack_newsletter_access":"","_jetpack_dont_email_post_to_subs":false,"_jetpack_newsletter_tier_id":0,"_jetpack_memberships_contains_paywalled_content":false,"_jetpack_memberships_contains_paid_content":false,"footnotes":"","jetpack_publicize_message":"","jetpack_publicize_feature_enabled":true,"jetpack_social_post_already_shared":true,"jetpack_social_options":{"image_generator_settings":{"template":"highway","default_image_id":0,"font":"","enabled":false},"version":2},"_wpas_customize_per_network":false,"jetpack_post_was_ever_published":false},"categories":[1],"tags":[],"class_list":["post-1436","post","type-post","status-publish","format-standard","hentry","category-uncategorized"],"jetpack_publicize_connections":[],"jetpack_featured_media_url":"","jetpack_likes_enabled":true,"jetpack_sharing_enabled":true,"jetpack_shortlink":"https:\/\/wp.me\/p9ETog-na","jetpack-related-posts":[{"id":146,"url":"https:\/\/alliasbl.lu\/en\/2023\/11\/30\/test-article-1\/","url_meta":{"origin":1436,"position":0},"title":"Annual General Meeting - 03.03.24","author":"alliasbl","date":"30 November, 2023","format":false,"excerpt":"The Annual General Meeting of ALLI asbl will be held on 3 March 2024 from 1.30 p.m. to 7.30 p.m. at the Kulturhaus in Kopstal. For more details, subscribe to our newsletter at the bottom of the page.","rel":"","context":"Similar post","block_context":{"text":"Similar post","link":""},"img":{"alt_text":"","src":"","width":0,"height":0},"classes":[]},{"id":1470,"url":"https:\/\/alliasbl.lu\/en\/2026\/03\/20\/podcasthon-2026\/","url_meta":{"origin":1436,"position":1},"title":"Podcasthon 2026","author":"alliasbl","date":"20 March, 2026","format":false,"excerpt":"Autour du t\u00e9moignage de Denis Sandrine, enseignante \u00e0 l'\u00c9cole Europ\u00e9enne Mamer II, la podcasteuse Anne-Claire Delval a r\u00e9uni deux invit\u00e9es: Katy Zago, repr\u00e9sentant ALLI asbl - Association Luxembourgeoise pour la Libert\u00e9 d'Instruction- et Sophie Le Dorner, porteuse du IDG (Inner Development Goals) Hub \"Learning in the Flow of Life\".\u00a0 Il\u2026","rel":"","context":"Similar post","block_context":{"text":"Similar post","link":""},"img":{"alt_text":"","src":"","width":0,"height":0},"classes":[]},{"id":1308,"url":"https:\/\/alliasbl.lu\/en\/2025\/12\/10\/%f0%9f%8c%8d-futureed-learning-planet-festival-janvier-2026\/","url_meta":{"origin":1436,"position":2},"title":"\ud83c\udf0d FutureEd @ Learning Planet Festival - January 2026","author":"alliasbl","date":"10 December, 2025","format":false,"excerpt":"3 sessions en ligne pour repenser l\u2019\u00e9ducation \u00e0 travers les droits humains Dans le cadre du projet\u00a0FutureEd, cofinanc\u00e9 par l\u2019Union europ\u00e9enne,\u00a0ALLI asbl\u00a0vous invite \u00e0 trois rencontres inspirantes durant le\u00a0Learning Planet Festival 2026 sur le th\u00e8me\u00a0\"Prendre soin de soi, des autres et de la plan\u00e8te\". Ensemble, explorons comment une \u00e9ducation centr\u00e9e\u2026","rel":"","context":"In &quot;Event&quot;","block_context":{"text":"Event","link":"https:\/\/alliasbl.lu\/en\/category\/event\/"},"img":{"alt_text":"","src":"https:\/\/i0.wp.com\/alliasbl.lu\/wp-content\/uploads\/2025\/12\/image.png?fit=768%2C252&ssl=1&resize=350%2C200","width":350,"height":200,"srcset":"https:\/\/i0.wp.com\/alliasbl.lu\/wp-content\/uploads\/2025\/12\/image.png?fit=768%2C252&ssl=1&resize=350%2C200 1x, https:\/\/i0.wp.com\/alliasbl.lu\/wp-content\/uploads\/2025\/12\/image.png?fit=768%2C252&ssl=1&resize=525%2C300 1.5x, https:\/\/i0.wp.com\/alliasbl.lu\/wp-content\/uploads\/2025\/12\/image.png?fit=768%2C252&ssl=1&resize=700%2C400 2x"},"classes":[]},{"id":1595,"url":"https:\/\/alliasbl.lu\/en\/2026\/04\/24\/%f0%9f%93%a2-workshop-17-june-2026\/","url_meta":{"origin":1436,"position":3},"title":"\ud83d\udce2 Workshop \u2013 17 June 2026","author":"alliasbl","date":"24 April, 2026","format":false,"excerpt":"What if students didn\u2019t just learn about rights\u2014but actually lived them every day at school? This certified training \u2014 \u201cFC-10D-115 \u00b7 From Rights to Action: Human Rights, Democratic Education, and Digital Citizenship\u201d \u2014 featured in the catalogue of the Institut de formation de l'\u00c9ducation nationale (IFEN), invites you to explore\u2026","rel":"","context":"In &quot;Event&quot;","block_context":{"text":"Event","link":"https:\/\/alliasbl.lu\/en\/category\/event\/"},"img":{"alt_text":"","src":"https:\/\/i0.wp.com\/alliasbl.lu\/wp-content\/uploads\/2026\/04\/Capture-decran-2025-11-28-a-13.01.15.png?resize=350%2C200&ssl=1","width":350,"height":200,"srcset":"https:\/\/i0.wp.com\/alliasbl.lu\/wp-content\/uploads\/2026\/04\/Capture-decran-2025-11-28-a-13.01.15.png?resize=350%2C200&ssl=1 1x, https:\/\/i0.wp.com\/alliasbl.lu\/wp-content\/uploads\/2026\/04\/Capture-decran-2025-11-28-a-13.01.15.png?resize=525%2C300&ssl=1 1.5x, https:\/\/i0.wp.com\/alliasbl.lu\/wp-content\/uploads\/2026\/04\/Capture-decran-2025-11-28-a-13.01.15.png?resize=700%2C400&ssl=1 2x"},"classes":[]},{"id":1490,"url":"https:\/\/alliasbl.lu\/en\/2026\/03\/31\/futureed-leducation-a-lepreuve-des-droits\/","url_meta":{"origin":1436,"position":4},"title":"FutureEd: Education Tested by Rights","author":"alliasbl","date":"31 March, 2026","format":false,"excerpt":"FutureEd : et si vous participiez \u00e0 construire l\u2019\u00e9ducation de demain ? Ce guide,\u00a0\u00ab FutureEd : Construire ensemble une \u00e9ducation ax\u00e9e sur les droits pour un avenir durable \u00bb, constitue la premi\u00e8re \u00e9tape d\u2019un travail plus vaste, qui sera enrichi par des retours de terrain et des pratiques concr\u00e8tes. Son\u2026","rel":"","context":"Similar post","block_context":{"text":"Similar post","link":""},"img":{"alt_text":"","src":"https:\/\/i0.wp.com\/alliasbl.lu\/wp-content\/uploads\/2025\/12\/Capture-decran-2025-10-24-a-21.52.37-1.png?resize=350%2C200&ssl=1","width":350,"height":200,"srcset":"https:\/\/i0.wp.com\/alliasbl.lu\/wp-content\/uploads\/2025\/12\/Capture-decran-2025-10-24-a-21.52.37-1.png?resize=350%2C200&ssl=1 1x, https:\/\/i0.wp.com\/alliasbl.lu\/wp-content\/uploads\/2025\/12\/Capture-decran-2025-10-24-a-21.52.37-1.png?resize=525%2C300&ssl=1 1.5x, https:\/\/i0.wp.com\/alliasbl.lu\/wp-content\/uploads\/2025\/12\/Capture-decran-2025-10-24-a-21.52.37-1.png?resize=700%2C400&ssl=1 2x"},"classes":[]},{"id":1133,"url":"https:\/\/alliasbl.lu\/en\/2025\/06\/08\/information-meeting-15-06-25\/","url_meta":{"origin":1436,"position":5},"title":"Information meeting 15.06.25","author":"alliasbl","date":"8 June, 2025","format":false,"excerpt":"Information meeting (FR\/DE\/EN\/LU) - 15.06.2025 - 10:30 am Inscription \/ registration \/ Anmeldung : alliasbl@gmail.com FR : Chaque 3\u00e8me dimanche du mois, une r\u00e9union d\u2019information virtuelle est organis\u00e9e pour r\u00e9pondre \u00e0 vos questions sur l\u2019enseignement \u00e0 domicile. DE : An jedem dritten Sonntag findet eine virtuelle Informationsveranstaltung statt, um Ihre\u2026","rel":"","context":"Similar post","block_context":{"text":"Similar post","link":""},"img":{"alt_text":"","src":"","width":0,"height":0},"classes":[]}],"_links":{"self":[{"href":"https:\/\/alliasbl.lu\/en\/wp-json\/wp\/v2\/posts\/1436","targetHints":{"allow":["GET"]}}],"collection":[{"href":"https:\/\/alliasbl.lu\/en\/wp-json\/wp\/v2\/posts"}],"about":[{"href":"https:\/\/alliasbl.lu\/en\/wp-json\/wp\/v2\/types\/post"}],"author":[{"embeddable":true,"href":"https:\/\/alliasbl.lu\/en\/wp-json\/wp\/v2\/users\/135013625"}],"replies":[{"embeddable":true,"href":"https:\/\/alliasbl.lu\/en\/wp-json\/wp\/v2\/comments?post=1436"}],"version-history":[{"count":6,"href":"https:\/\/alliasbl.lu\/en\/wp-json\/wp\/v2\/posts\/1436\/revisions"}],"predecessor-version":[{"id":1554,"href":"https:\/\/alliasbl.lu\/en\/wp-json\/wp\/v2\/posts\/1436\/revisions\/1554"}],"wp:attachment":[{"href":"https:\/\/alliasbl.lu\/en\/wp-json\/wp\/v2\/media?parent=1436"}],"wp:term":[{"taxonomy":"category","embeddable":true,"href":"https:\/\/alliasbl.lu\/en\/wp-json\/wp\/v2\/categories?post=1436"},{"taxonomy":"post_tag","embeddable":true,"href":"https:\/\/alliasbl.lu\/en\/wp-json\/wp\/v2\/tags?post=1436"}],"curies":[{"name":"wp","href":"https:\/\/api.w.org\/{rel}","templated":true}]}}