{"id":1212,"date":"2025-09-10T17:57:26","date_gmt":"2025-09-10T15:57:26","guid":{"rendered":"https:\/\/alliasbl.lu\/?p=1212"},"modified":"2025-09-10T17:57:26","modified_gmt":"2025-09-10T15:57:26","slug":"projet-de-loi-draft-law-gesetzentwurf-online","status":"publish","type":"post","link":"https:\/\/alliasbl.lu\/en\/2025\/09\/10\/projet-de-loi-draft-law-gesetzentwurf-online\/","title":{"rendered":"Projet de loi \/ Draft law \/ Gesetzentwurf online"},"content":{"rendered":"<p class=\"wp-block-paragraph\">FR: The bill on home schooling is published at the link below.<br>DE : Der Gesetzentwurf zum Heimunterricht wurde hierunter ver\u00f6ffentlicht.<br>EN : The draft Home Education Bill has been published on the following link.<br><a href=\"https:\/\/wdocs-pub.chd.lu\/docs\/Dossiers_parlementaires\/8588\/20250724_Depot.pdf\">https:\/\/wdocs-pub.chd.lu\/docs\/Dossiers_parlementaires\/8588\/20250724_Depot.pdf<\/a><\/p>\n\n\n\n<p class=\"wp-block-paragraph\"><\/p>\n\n\n\n<p class=\"wp-block-paragraph\"><\/p>\n\n\n\n<p class=\"wp-block-paragraph\"><\/p>\n\n\n\n<p class=\"wp-block-paragraph\"><\/p>\n\n\n\n<p class=\"wp-block-paragraph\"><\/p>\n\n\n\n<p class=\"wp-block-paragraph\"><\/p>","protected":false},"excerpt":{"rendered":"<p>FR : Le projet de loi sur l&rsquo;enseignement \u00e0 domicile est publi\u00e9 sur le lien ci-dessous.DE : Der Gesetzentwurf zum Heimunterricht wurde hierunter ver\u00f6ffentlicht.EN : The draft Home Education Bill [&hellip;]<\/p>\n","protected":false},"author":135013625,"featured_media":0,"comment_status":"closed","ping_status":"closed","sticky":false,"template":"","format":"standard","meta":{"_coblocks_attr":"","_coblocks_dimensions":"","_coblocks_responsive_height":"","_coblocks_accordion_ie_support":"","_crdt_document":"","advanced_seo_description":"","jetpack_seo_html_title":"","jetpack_seo_noindex":false,"_price":"","_stock":"","_tribe_ticket_header":"","_tribe_default_ticket_provider":"","_tribe_ticket_capacity":"0","_ticket_start_date":"","_ticket_end_date":"","_tribe_ticket_show_description":"","_tribe_ticket_show_not_going":false,"_tribe_ticket_use_global_stock":"","_tribe_ticket_global_stock_level":"","_global_stock_mode":"","_global_stock_cap":"","_tribe_rsvp_for_event":"","_tribe_ticket_going_count":"","_tribe_ticket_not_going_count":"","_tribe_tickets_list":"[]","_tribe_ticket_has_attendee_info_fields":false,"_EventAllDay":false,"_EventTimezone":"","_EventStartDate":"","_EventEndDate":"","_EventStartDateUTC":"","_EventEndDateUTC":"","_EventShowMap":false,"_EventShowMapLink":false,"_EventURL":"","_EventCost":"","_EventCostDescription":"","_EventCurrencySymbol":"","_EventCurrencyCode":"","_EventCurrencyPosition":"","_EventDateTimeSeparator":"","_EventTimeRangeSeparator":"","_EventOrganizerID":[],"_EventVenueID":[],"_OrganizerEmail":"","_OrganizerPhone":"","_OrganizerWebsite":"","_VenueAddress":"","_VenueCity":"","_VenueCountry":"","_VenueProvince":"","_VenueState":"","_VenueZip":"","_VenuePhone":"","_VenueURL":"","_VenueStateProvince":"","_VenueLat":"","_VenueLng":"","_VenueShowMap":false,"_VenueShowMapLink":false,"_jetpack_newsletter_access":"","_jetpack_dont_email_post_to_subs":false,"_jetpack_newsletter_tier_id":0,"_jetpack_memberships_contains_paywalled_content":false,"_jetpack_memberships_contains_paid_content":false,"footnotes":"","jetpack_publicize_message":"","jetpack_publicize_feature_enabled":true,"jetpack_social_post_already_shared":true,"jetpack_social_options":{"image_generator_settings":{"template":"highway","default_image_id":0,"font":"","enabled":false},"version":2},"_wpas_customize_per_network":false,"jetpack_post_was_ever_published":false},"categories":[1],"tags":[],"class_list":["post-1212","post","type-post","status-publish","format-standard","hentry","category-uncategorized"],"jetpack_publicize_connections":[],"jetpack_featured_media_url":"","jetpack_likes_enabled":true,"jetpack_sharing_enabled":true,"jetpack_shortlink":"https:\/\/wp.me\/p9ETog-jy","jetpack-related-posts":[{"id":1246,"url":"https:\/\/alliasbl.lu\/en\/2025\/10\/13\/projet-de-loi-draft-law-gesetzentwurf-8588\/","url_meta":{"origin":1212,"position":0},"title":"Projet de loi \/ Draft law \/ Gesetzentwurf 8588","author":"alliasbl","date":"13 October, 2025","format":false,"excerpt":"FR: Notre avis sur le projet de loi n\u00b08588 sur l'enseignement \u00e0 domicile est disponible sur notre page publications. DE: Unsere Stellungnahme zum Gesetzentwurf n\u00b08588 \u00fcber den Heimunterricht ist auf unserer Seite \"Ver\u00f6ffentlichungen\" verf\u00fcgbar.EN: Our opinion on the Home Education Bill n\u00b08588 is available on our publications page.","rel":"","context":"Similar post","block_context":{"text":"Similar post","link":""},"img":{"alt_text":"","src":"","width":0,"height":0},"classes":[]},{"id":1490,"url":"https:\/\/alliasbl.lu\/en\/2026\/03\/31\/futureed-leducation-a-lepreuve-des-droits\/","url_meta":{"origin":1212,"position":1},"title":"FutureEd: Education Tested by Rights","author":"alliasbl","date":"31 March, 2026","format":false,"excerpt":"FutureEd : et si vous participiez \u00e0 construire l\u2019\u00e9ducation de demain ? Ce guide,\u00a0\u00ab FutureEd : Construire ensemble une \u00e9ducation ax\u00e9e sur les droits pour un avenir durable \u00bb, constitue la premi\u00e8re \u00e9tape d\u2019un travail plus vaste, qui sera enrichi par des retours de terrain et des pratiques concr\u00e8tes. Son\u2026","rel":"","context":"Similar post","block_context":{"text":"Similar post","link":""},"img":{"alt_text":"","src":"https:\/\/i0.wp.com\/alliasbl.lu\/wp-content\/uploads\/2025\/12\/Capture-decran-2025-10-24-a-21.52.37-1.png?resize=350%2C200&ssl=1","width":350,"height":200,"srcset":"https:\/\/i0.wp.com\/alliasbl.lu\/wp-content\/uploads\/2025\/12\/Capture-decran-2025-10-24-a-21.52.37-1.png?resize=350%2C200&ssl=1 1x, https:\/\/i0.wp.com\/alliasbl.lu\/wp-content\/uploads\/2025\/12\/Capture-decran-2025-10-24-a-21.52.37-1.png?resize=525%2C300&ssl=1 1.5x, https:\/\/i0.wp.com\/alliasbl.lu\/wp-content\/uploads\/2025\/12\/Capture-decran-2025-10-24-a-21.52.37-1.png?resize=700%2C400&ssl=1 2x"},"classes":[]},{"id":757,"url":"https:\/\/alliasbl.lu\/en\/2024\/11\/26\/une-loi-en-projet\/","url_meta":{"origin":1212,"position":2},"title":"A bill in the pipeline...","author":"alliasbl","date":"26 November, 2024","format":false,"excerpt":"Le 25 juillet 2024, le gouvernement a pr\u00e9sent\u00e9 sa vision d'un meilleur encadrement de l'enseignement \u00e0 domicile \u00e0 la chambre des d\u00e9put\u00e9s lors d'une r\u00e9union en commission. ALLI asbl a r\u00e9dig\u00e9 des commentaires et \u00e9labor\u00e9 11 propositions pour en discuter avec les repr\u00e9sentants des partis politiques de Luxembourg. Lire nos\u2026","rel":"","context":"Similar post","block_context":{"text":"Similar post","link":""},"img":{"alt_text":"","src":"https:\/\/i0.wp.com\/alliasbl.lu\/wp-content\/uploads\/2024\/11\/Capture-decran-2024-11-03-a-10.06.23-13-1024x557.png?resize=350%2C200&ssl=1","width":350,"height":200,"srcset":"https:\/\/i0.wp.com\/alliasbl.lu\/wp-content\/uploads\/2024\/11\/Capture-decran-2024-11-03-a-10.06.23-13-1024x557.png?resize=350%2C200&ssl=1 1x, https:\/\/i0.wp.com\/alliasbl.lu\/wp-content\/uploads\/2024\/11\/Capture-decran-2024-11-03-a-10.06.23-13-1024x557.png?resize=525%2C300&ssl=1 1.5x, https:\/\/i0.wp.com\/alliasbl.lu\/wp-content\/uploads\/2024\/11\/Capture-decran-2024-11-03-a-10.06.23-13-1024x557.png?resize=700%2C400&ssl=1 2x"},"classes":[]},{"id":1308,"url":"https:\/\/alliasbl.lu\/en\/2025\/12\/10\/%f0%9f%8c%8d-futureed-learning-planet-festival-janvier-2026\/","url_meta":{"origin":1212,"position":3},"title":"\ud83c\udf0d FutureEd @ Learning Planet Festival - January 2026","author":"alliasbl","date":"10 December, 2025","format":false,"excerpt":"3 sessions en ligne pour repenser l\u2019\u00e9ducation \u00e0 travers les droits humains Dans le cadre du projet\u00a0FutureEd, cofinanc\u00e9 par l\u2019Union europ\u00e9enne,\u00a0ALLI asbl\u00a0vous invite \u00e0 trois rencontres inspirantes durant le\u00a0Learning Planet Festival 2026 sur le th\u00e8me\u00a0\"Prendre soin de soi, des autres et de la plan\u00e8te\". Ensemble, explorons comment une \u00e9ducation centr\u00e9e\u2026","rel":"","context":"In &quot;Event&quot;","block_context":{"text":"Event","link":"https:\/\/alliasbl.lu\/en\/category\/event\/"},"img":{"alt_text":"","src":"https:\/\/i0.wp.com\/alliasbl.lu\/wp-content\/uploads\/2025\/12\/image.png?fit=768%2C252&ssl=1&resize=350%2C200","width":350,"height":200,"srcset":"https:\/\/i0.wp.com\/alliasbl.lu\/wp-content\/uploads\/2025\/12\/image.png?fit=768%2C252&ssl=1&resize=350%2C200 1x, https:\/\/i0.wp.com\/alliasbl.lu\/wp-content\/uploads\/2025\/12\/image.png?fit=768%2C252&ssl=1&resize=525%2C300 1.5x, https:\/\/i0.wp.com\/alliasbl.lu\/wp-content\/uploads\/2025\/12\/image.png?fit=768%2C252&ssl=1&resize=700%2C400 2x"},"classes":[]},{"id":1595,"url":"https:\/\/alliasbl.lu\/en\/2026\/04\/24\/%f0%9f%93%a2-workshop-17-june-2026\/","url_meta":{"origin":1212,"position":4},"title":"\ud83d\udce2 Workshop \u2013 17 June 2026","author":"alliasbl","date":"24 April, 2026","format":false,"excerpt":"What if students didn\u2019t just learn about rights\u2014but actually lived them every day at school? This certified training \u2014 \u201cFC-10D-115 \u00b7 From Rights to Action: Human Rights, Democratic Education, and Digital Citizenship\u201d \u2014 featured in the catalogue of the Institut de formation de l'\u00c9ducation nationale (IFEN), invites you to explore\u2026","rel":"","context":"In &quot;Event&quot;","block_context":{"text":"Event","link":"https:\/\/alliasbl.lu\/en\/category\/event\/"},"img":{"alt_text":"","src":"https:\/\/i0.wp.com\/alliasbl.lu\/wp-content\/uploads\/2026\/04\/Capture-decran-2025-11-28-a-13.01.15.png?resize=350%2C200&ssl=1","width":350,"height":200,"srcset":"https:\/\/i0.wp.com\/alliasbl.lu\/wp-content\/uploads\/2026\/04\/Capture-decran-2025-11-28-a-13.01.15.png?resize=350%2C200&ssl=1 1x, https:\/\/i0.wp.com\/alliasbl.lu\/wp-content\/uploads\/2026\/04\/Capture-decran-2025-11-28-a-13.01.15.png?resize=525%2C300&ssl=1 1.5x, https:\/\/i0.wp.com\/alliasbl.lu\/wp-content\/uploads\/2026\/04\/Capture-decran-2025-11-28-a-13.01.15.png?resize=700%2C400&ssl=1 2x"},"classes":[]},{"id":985,"url":"https:\/\/alliasbl.lu\/en\/2025\/04\/28\/information-meetings\/","url_meta":{"origin":1212,"position":5},"title":"Information meetings","author":"alliasbl","date":"28 April, 2025","format":false,"excerpt":"Chaque 3\u00e8me dimanche du mois \u00e0 partir de mai 2025, une r\u00e9union d'information virtuelle sera organis\u00e9e pour r\u00e9pondre \u00e0 vos questions sur l'enseignement \u00e0 domicile.An jedem dritten Sonntag im Monat wird ab Mai 2025 eine virtuelle Informationsveranstaltung stattfinden, um Ihre Fragen zum Thema Heimunterricht zu beantworten. Every 3rd Sunday of\u2026","rel":"","context":"Similar post","block_context":{"text":"Similar post","link":""},"img":{"alt_text":"","src":"","width":0,"height":0},"classes":[]}],"_links":{"self":[{"href":"https:\/\/alliasbl.lu\/en\/wp-json\/wp\/v2\/posts\/1212","targetHints":{"allow":["GET"]}}],"collection":[{"href":"https:\/\/alliasbl.lu\/en\/wp-json\/wp\/v2\/posts"}],"about":[{"href":"https:\/\/alliasbl.lu\/en\/wp-json\/wp\/v2\/types\/post"}],"author":[{"embeddable":true,"href":"https:\/\/alliasbl.lu\/en\/wp-json\/wp\/v2\/users\/135013625"}],"replies":[{"embeddable":true,"href":"https:\/\/alliasbl.lu\/en\/wp-json\/wp\/v2\/comments?post=1212"}],"version-history":[{"count":1,"href":"https:\/\/alliasbl.lu\/en\/wp-json\/wp\/v2\/posts\/1212\/revisions"}],"predecessor-version":[{"id":1213,"href":"https:\/\/alliasbl.lu\/en\/wp-json\/wp\/v2\/posts\/1212\/revisions\/1213"}],"wp:attachment":[{"href":"https:\/\/alliasbl.lu\/en\/wp-json\/wp\/v2\/media?parent=1212"}],"wp:term":[{"taxonomy":"category","embeddable":true,"href":"https:\/\/alliasbl.lu\/en\/wp-json\/wp\/v2\/categories?post=1212"},{"taxonomy":"post_tag","embeddable":true,"href":"https:\/\/alliasbl.lu\/en\/wp-json\/wp\/v2\/tags?post=1212"}],"curies":[{"name":"wp","href":"https:\/\/api.w.org\/{rel}","templated":true}]}}