{"id":888,"date":"2025-03-25T18:39:33","date_gmt":"2025-03-25T18:39:33","guid":{"rendered":"https:\/\/alliasbl.lu\/?p=888"},"modified":"2025-05-19T19:08:42","modified_gmt":"2025-05-19T19:08:42","slug":"18-odd-kultur-als-vektor-der-demokratie","status":"publish","type":"post","link":"https:\/\/alliasbl.lu\/de\/2025\/03\/25\/18e-odd-la-culture-comme-vecteur-de-la-democratie\/","title":{"rendered":"18. SDG Kultur als Mittel zur F\u00f6rderung der Demokratie"},"content":{"rendered":"<p class=\"wp-block-paragraph\">In Partnerschaft mit der Forschungsgruppe zum Thema Bildung (GRR\u00e9 Groupe de Recherche et R\u00e9flexion sur l'\u00e9ducation) nahm ALLI asbl am 20.03.25 an einem Workshop zum Thema Bildung teil, der in der Maison de l'Europe in Paris stattfand. Bei dieser Gelegenheit stellten wir den folgenden Beitrag vor:<br><strong>\u201eW\u00fcrde und Justiziabilit\u00e4t kultivieren: <\/strong><br><strong>ein Hebel f\u00fcr eine kreative Demokratie?\u201c<\/strong><br><br>Das Dokument lesen:<\/p>\n\n\n\n<p class=\"wp-block-paragraph\"><a href=\"https:\/\/drive.google.com\/file\/d\/1LeO_xFxkIH0dbpIncSFzkD2o7vyrJ-hr\/view?usp=sharing\" data-type=\"link\" data-id=\"https:\/\/drive.google.com\/file\/d\/1LeO_xFxkIH0dbpIncSFzkD2o7vyrJ-hr\/view?usp=sharing\" target=\"_blank\" rel=\"noreferrer noopener\"> \ud83c\uddeb\ud83c\uddf7<\/a> <a href=\"https:\/\/drive.google.com\/file\/d\/1C-QyAPmc2iGaI0ZoQcHNqbBshBxUA56j\/view?usp=sharing\" target=\"_blank\" rel=\"noreferrer noopener\"> \ud83c\uddec\ud83c\udde7<\/a> <a href=\"https:\/\/drive.google.com\/file\/d\/1TBAupgMH5wpUiMNOuvyL5xPe6h8ufq8Q\/view?usp=sharing\" data-type=\"link\" data-id=\"https:\/\/drive.google.com\/file\/d\/1TBAupgMH5wpUiMNOuvyL5xPe6h8ufq8Q\/view?usp=sharing\" target=\"_blank\" rel=\"noreferrer noopener\"> \ud83c\udde9\ud83c\uddea<\/a><br><br><\/p>\n\n\n\n<p class=\"wp-block-paragraph\"><\/p>","protected":false},"excerpt":{"rendered":"<p>En partenariat avec le Groupe de Recherche et de R\u00e9flexion sur l&rsquo;\u00e9ducation (GRR\u00e9), ALLI asbl a pris part \u00e0 l&rsquo;atelier sur l&rsquo;\u00e9ducation organis\u00e9 \u00e0 la Maison de l&rsquo;Europe de Paris [&hellip;]<\/p>\n","protected":false},"author":135013625,"featured_media":0,"comment_status":"closed","ping_status":"closed","sticky":false,"template":"","format":"standard","meta":{"_coblocks_attr":"","_coblocks_dimensions":"","_coblocks_responsive_height":"","_coblocks_accordion_ie_support":"","_crdt_document":"","advanced_seo_description":"","jetpack_seo_html_title":"","jetpack_seo_noindex":false,"_price":"","_stock":"","_tribe_ticket_header":"","_tribe_default_ticket_provider":"","_tribe_ticket_capacity":"0","_ticket_start_date":"","_ticket_end_date":"","_tribe_ticket_show_description":"","_tribe_ticket_show_not_going":false,"_tribe_ticket_use_global_stock":"","_tribe_ticket_global_stock_level":"","_global_stock_mode":"","_global_stock_cap":"","_tribe_rsvp_for_event":"","_tribe_ticket_going_count":"","_tribe_ticket_not_going_count":"","_tribe_tickets_list":"[]","_tribe_ticket_has_attendee_info_fields":false,"_EventAllDay":false,"_EventTimezone":"","_EventStartDate":"","_EventEndDate":"","_EventStartDateUTC":"","_EventEndDateUTC":"","_EventShowMap":false,"_EventShowMapLink":false,"_EventURL":"","_EventCost":"","_EventCostDescription":"","_EventCurrencySymbol":"","_EventCurrencyCode":"","_EventCurrencyPosition":"","_EventDateTimeSeparator":"","_EventTimeRangeSeparator":"","_EventOrganizerID":[],"_EventVenueID":[],"_OrganizerEmail":"","_OrganizerPhone":"","_OrganizerWebsite":"","_VenueAddress":"","_VenueCity":"","_VenueCountry":"","_VenueProvince":"","_VenueState":"","_VenueZip":"","_VenuePhone":"","_VenueURL":"","_VenueStateProvince":"","_VenueLat":"","_VenueLng":"","_VenueShowMap":false,"_VenueShowMapLink":false,"_jetpack_newsletter_access":"","_jetpack_dont_email_post_to_subs":true,"_jetpack_newsletter_tier_id":0,"_jetpack_memberships_contains_paywalled_content":false,"_jetpack_memberships_contains_paid_content":false,"footnotes":"","jetpack_publicize_message":"","jetpack_publicize_feature_enabled":true,"jetpack_social_post_already_shared":true,"jetpack_social_options":{"image_generator_settings":{"template":"highway","enabled":false},"version":2},"_wpas_customize_per_network":false,"jetpack_post_was_ever_published":false},"categories":[1],"tags":[],"class_list":["post-888","post","type-post","status-publish","format-standard","hentry","category-uncategorized"],"jetpack_publicize_connections":[],"jetpack_featured_media_url":"","jetpack_likes_enabled":true,"jetpack_sharing_enabled":true,"jetpack_shortlink":"https:\/\/wp.me\/p9ETog-ek","jetpack-related-posts":[{"id":1490,"url":"https:\/\/alliasbl.lu\/de\/2026\/03\/31\/futureed-leducation-a-lepreuve-des-droits\/","url_meta":{"origin":888,"position":0},"title":"FutureEd: Bildung auf dem Pr\u00fcfstand der Rechte","author":"alliasbl","date":"31 M\u00e4rz, 2026","format":false,"excerpt":"FutureEd : et si vous participiez \u00e0 construire l\u2019\u00e9ducation de demain ? Ce guide,\u00a0\u00ab FutureEd : Construire ensemble une \u00e9ducation ax\u00e9e sur les droits pour un avenir durable \u00bb, constitue la premi\u00e8re \u00e9tape d\u2019un travail plus vaste, qui sera enrichi par des retours de terrain et des pratiques concr\u00e8tes. Son\u2026","rel":"","context":"\u00c4hnlicher Beitrag","block_context":{"text":"\u00c4hnlicher Beitrag","link":""},"img":{"alt_text":"","src":"https:\/\/i0.wp.com\/alliasbl.lu\/wp-content\/uploads\/2025\/12\/Capture-decran-2025-10-24-a-21.52.37-1.png?resize=350%2C200&ssl=1","width":350,"height":200,"srcset":"https:\/\/i0.wp.com\/alliasbl.lu\/wp-content\/uploads\/2025\/12\/Capture-decran-2025-10-24-a-21.52.37-1.png?resize=350%2C200&ssl=1 1x, https:\/\/i0.wp.com\/alliasbl.lu\/wp-content\/uploads\/2025\/12\/Capture-decran-2025-10-24-a-21.52.37-1.png?resize=525%2C300&ssl=1 1.5x, https:\/\/i0.wp.com\/alliasbl.lu\/wp-content\/uploads\/2025\/12\/Capture-decran-2025-10-24-a-21.52.37-1.png?resize=700%2C400&ssl=1 2x"},"classes":[]},{"id":1308,"url":"https:\/\/alliasbl.lu\/de\/2025\/12\/10\/%f0%9f%8c%8d-futureed-learning-planet-festival-janvier-2026\/","url_meta":{"origin":888,"position":1},"title":"\ud83c\udf0d FutureEd @ Learning Planet Festival - Januar 2026","author":"alliasbl","date":"10 Dezember, 2025","format":false,"excerpt":"3 sessions en ligne pour repenser l\u2019\u00e9ducation \u00e0 travers les droits humains Dans le cadre du projet\u00a0FutureEd, cofinanc\u00e9 par l\u2019Union europ\u00e9enne,\u00a0ALLI asbl\u00a0vous invite \u00e0 trois rencontres inspirantes durant le\u00a0Learning Planet Festival 2026 sur le th\u00e8me\u00a0\"Prendre soin de soi, des autres et de la plan\u00e8te\". Ensemble, explorons comment une \u00e9ducation centr\u00e9e\u2026","rel":"","context":"In &quot;Event&quot;","block_context":{"text":"Event","link":"https:\/\/alliasbl.lu\/de\/category\/event\/"},"img":{"alt_text":"","src":"https:\/\/i0.wp.com\/alliasbl.lu\/wp-content\/uploads\/2025\/12\/image.png?fit=768%2C252&ssl=1&resize=350%2C200","width":350,"height":200,"srcset":"https:\/\/i0.wp.com\/alliasbl.lu\/wp-content\/uploads\/2025\/12\/image.png?fit=768%2C252&ssl=1&resize=350%2C200 1x, https:\/\/i0.wp.com\/alliasbl.lu\/wp-content\/uploads\/2025\/12\/image.png?fit=768%2C252&ssl=1&resize=525%2C300 1.5x, https:\/\/i0.wp.com\/alliasbl.lu\/wp-content\/uploads\/2025\/12\/image.png?fit=768%2C252&ssl=1&resize=700%2C400 2x"},"classes":[]},{"id":1595,"url":"https:\/\/alliasbl.lu\/de\/2026\/04\/24\/%f0%9f%93%a2-workshop-17-june-2026\/","url_meta":{"origin":888,"position":2},"title":"\ud83d\udce2 Workshop \u2013 17. Juni 2026","author":"alliasbl","date":"24 April, 2026","format":false,"excerpt":"What if students didn\u2019t just learn about rights\u2014but actually lived them every day at school? This certified training \u2014 \u201cFC-10D-115 \u00b7 From Rights to Action: Human Rights, Democratic Education, and Digital Citizenship\u201d \u2014 featured in the catalogue of the Institut de formation de l'\u00c9ducation nationale (IFEN), invites you to explore\u2026","rel":"","context":"In &quot;Event&quot;","block_context":{"text":"Event","link":"https:\/\/alliasbl.lu\/de\/category\/event\/"},"img":{"alt_text":"","src":"https:\/\/i0.wp.com\/alliasbl.lu\/wp-content\/uploads\/2026\/04\/Capture-decran-2025-11-28-a-13.01.15.png?resize=350%2C200&ssl=1","width":350,"height":200,"srcset":"https:\/\/i0.wp.com\/alliasbl.lu\/wp-content\/uploads\/2026\/04\/Capture-decran-2025-11-28-a-13.01.15.png?resize=350%2C200&ssl=1 1x, https:\/\/i0.wp.com\/alliasbl.lu\/wp-content\/uploads\/2026\/04\/Capture-decran-2025-11-28-a-13.01.15.png?resize=525%2C300&ssl=1 1.5x, https:\/\/i0.wp.com\/alliasbl.lu\/wp-content\/uploads\/2026\/04\/Capture-decran-2025-11-28-a-13.01.15.png?resize=700%2C400&ssl=1 2x"},"classes":[]},{"id":1470,"url":"https:\/\/alliasbl.lu\/de\/2026\/03\/20\/podcasthon-2026\/","url_meta":{"origin":888,"position":3},"title":"Podcasthon 2026","author":"alliasbl","date":"20 M\u00e4rz, 2026","format":false,"excerpt":"Autour du t\u00e9moignage de Denis Sandrine, enseignante \u00e0 l'\u00c9cole Europ\u00e9enne Mamer II, la podcasteuse Anne-Claire Delval a r\u00e9uni deux invit\u00e9es: Katy Zago, repr\u00e9sentant ALLI asbl - Association Luxembourgeoise pour la Libert\u00e9 d'Instruction- et Sophie Le Dorner, porteuse du IDG (Inner Development Goals) Hub \"Learning in the Flow of Life\".\u00a0 Il\u2026","rel":"","context":"\u00c4hnlicher Beitrag","block_context":{"text":"\u00c4hnlicher Beitrag","link":""},"img":{"alt_text":"","src":"","width":0,"height":0},"classes":[]},{"id":1037,"url":"https:\/\/alliasbl.lu\/de\/2025\/05\/19\/un-contribution-18-05-25\/","url_meta":{"origin":888,"position":4},"title":"UN-Beitrag 18.05.25","author":"alliasbl","date":"19 Mai, 2025","format":false,"excerpt":"Antwort auf den Aufruf zur Einreichung von Beitr\u00e4gen f\u00fcr die Vorbereitung der ersten Sitzung der offenen zwischenstaatlichen Arbeitsgruppe f\u00fcr ein Fakultativprotokoll zum \u00dcbereinkommen \u00fcber die Rechte des Kindes.von ALLI asbl &amp; Rights-Centric Education Network (RCEN)Lesen Sie das Dokument: \ud83c\uddeb\ud83c\uddf7 \ud83c\uddec\ud83c\udde7 \ud83c\udde9\ud83c\uddea","rel":"","context":"\u00c4hnlicher Beitrag","block_context":{"text":"\u00c4hnlicher Beitrag","link":""},"img":{"alt_text":"","src":"","width":0,"height":0},"classes":[]},{"id":1212,"url":"https:\/\/alliasbl.lu\/de\/2025\/09\/10\/projet-de-loi-draft-law-gesetzentwurf-online\/","url_meta":{"origin":888,"position":5},"title":"Projet de loi \/ Draft law \/ Gesetzentwurf online","author":"alliasbl","date":"10 September, 2025","format":false,"excerpt":"FR: Le projet de loi sur l'enseignement \u00e0 l'domicile est publi\u00e9 sur le lien ci-dessous.DE: Der Gesetzentwurf zum Heimunterricht wurde hierunter ver\u00f6ffentlicht.EN: The draft Home Education Bill has been published on the following link.https:\/\/wdocs-pub.chd.lu\/docs\/Dossiers_parlementaires\/8588\/20250724_Depot.pdf","rel":"","context":"\u00c4hnlicher Beitrag","block_context":{"text":"\u00c4hnlicher Beitrag","link":""},"img":{"alt_text":"","src":"","width":0,"height":0},"classes":[]}],"_links":{"self":[{"href":"https:\/\/alliasbl.lu\/de\/wp-json\/wp\/v2\/posts\/888","targetHints":{"allow":["GET"]}}],"collection":[{"href":"https:\/\/alliasbl.lu\/de\/wp-json\/wp\/v2\/posts"}],"about":[{"href":"https:\/\/alliasbl.lu\/de\/wp-json\/wp\/v2\/types\/post"}],"author":[{"embeddable":true,"href":"https:\/\/alliasbl.lu\/de\/wp-json\/wp\/v2\/users\/135013625"}],"replies":[{"embeddable":true,"href":"https:\/\/alliasbl.lu\/de\/wp-json\/wp\/v2\/comments?post=888"}],"version-history":[{"count":10,"href":"https:\/\/alliasbl.lu\/de\/wp-json\/wp\/v2\/posts\/888\/revisions"}],"predecessor-version":[{"id":1036,"href":"https:\/\/alliasbl.lu\/de\/wp-json\/wp\/v2\/posts\/888\/revisions\/1036"}],"wp:attachment":[{"href":"https:\/\/alliasbl.lu\/de\/wp-json\/wp\/v2\/media?parent=888"}],"wp:term":[{"taxonomy":"category","embeddable":true,"href":"https:\/\/alliasbl.lu\/de\/wp-json\/wp\/v2\/categories?post=888"},{"taxonomy":"post_tag","embeddable":true,"href":"https:\/\/alliasbl.lu\/de\/wp-json\/wp\/v2\/tags?post=888"}],"curies":[{"name":"wp","href":"https:\/\/api.w.org\/{rel}","templated":true}]}}