{"id":490,"date":"2024-03-18T17:52:06","date_gmt":"2024-03-18T17:52:06","guid":{"rendered":"https:\/\/alliasbl.lu\/?p=490"},"modified":"2024-03-18T17:56:16","modified_gmt":"2024-03-18T17:56:16","slug":"die-wahlfreiheit-der-eltern","status":"publish","type":"post","link":"https:\/\/alliasbl.lu\/de\/2024\/03\/18\/la-liberte-de-choix-des-parents\/","title":{"rendered":"Wahlfreiheit der Eltern?"},"content":{"rendered":"<p class=\"wp-block-paragraph\"><a href=\"https:\/\/pedagogie-waldorf.fr\/2024\/03\/07\/la-liberte-de-choix-educatif-des-parents\" rel=\"nofollow\">https:\/\/pedagogie-waldorf.fr\/2024\/03\/07\/la-liberte-de-choix-educatif-des-parents<\/a><br><\/p>\n\n\n\n<figure class=\"wp-block-image size-large\"><img data-recalc-dims=\"1\" fetchpriority=\"high\" decoding=\"async\" width=\"1842\" height=\"606\" data-attachment-id=\"494\" data-permalink=\"https:\/\/alliasbl.lu\/de\/2024\/03\/18\/la-liberte-de-choix-des-parents\/image-4\/\" data-orig-file=\"https:\/\/i0.wp.com\/alliasbl.lu\/wp-content\/uploads\/2024\/03\/image.png?fit=1842%2C606&amp;ssl=1\" data-orig-size=\"1842,606\" data-comments-opened=\"0\" data-image-meta=\"{&quot;aperture&quot;:&quot;0&quot;,&quot;credit&quot;:&quot;&quot;,&quot;camera&quot;:&quot;&quot;,&quot;caption&quot;:&quot;&quot;,&quot;created_timestamp&quot;:&quot;0&quot;,&quot;copyright&quot;:&quot;&quot;,&quot;focal_length&quot;:&quot;0&quot;,&quot;iso&quot;:&quot;0&quot;,&quot;shutter_speed&quot;:&quot;0&quot;,&quot;title&quot;:&quot;&quot;,&quot;orientation&quot;:&quot;0&quot;}\" data-image-title=\"image\" data-image-description=\"\" data-image-caption=\"\" data-large-file=\"https:\/\/i0.wp.com\/alliasbl.lu\/wp-content\/uploads\/2024\/03\/image.png?fit=1024%2C337&amp;ssl=1\" src=\"https:\/\/i0.wp.com\/alliasbl.lu\/wp-content\/uploads\/2024\/03\/image.png?resize=1842%2C606&#038;ssl=1\" alt=\"\" class=\"wp-image-494\" \/><\/figure>","protected":false},"excerpt":{"rendered":"<p>Geschichte eines verbindlichen Rechts<\/p>\n<p>Zu verstehen, \"woher es kommt\", verschafft immer einen klareren Blick auf das, was \"heute passiert\". <\/p>","protected":false},"author":248197835,"featured_media":0,"comment_status":"closed","ping_status":"closed","sticky":true,"template":"","format":"standard","meta":{"_coblocks_attr":"","_coblocks_dimensions":"","_coblocks_responsive_height":"","_coblocks_accordion_ie_support":"","_crdt_document":"","advanced_seo_description":"","jetpack_seo_html_title":"","jetpack_seo_noindex":false,"_price":"","_stock":"","_tribe_ticket_header":"","_tribe_default_ticket_provider":"","_tribe_ticket_capacity":"0","_ticket_start_date":"","_ticket_end_date":"","_tribe_ticket_show_description":"","_tribe_ticket_show_not_going":false,"_tribe_ticket_use_global_stock":"","_tribe_ticket_global_stock_level":"","_global_stock_mode":"","_global_stock_cap":"","_tribe_rsvp_for_event":"","_tribe_ticket_going_count":"","_tribe_ticket_not_going_count":"","_tribe_tickets_list":"[]","_tribe_ticket_has_attendee_info_fields":false,"_EventAllDay":false,"_EventTimezone":"","_EventStartDate":"","_EventEndDate":"","_EventStartDateUTC":"","_EventEndDateUTC":"","_EventShowMap":false,"_EventShowMapLink":false,"_EventURL":"","_EventCost":"","_EventCostDescription":"","_EventCurrencySymbol":"","_EventCurrencyCode":"","_EventCurrencyPosition":"","_EventDateTimeSeparator":"","_EventTimeRangeSeparator":"","_EventOrganizerID":[],"_EventVenueID":[],"_OrganizerEmail":"","_OrganizerPhone":"","_OrganizerWebsite":"","_VenueAddress":"","_VenueCity":"","_VenueCountry":"","_VenueProvince":"","_VenueState":"","_VenueZip":"","_VenuePhone":"","_VenueURL":"","_VenueStateProvince":"","_VenueLat":"","_VenueLng":"","_VenueShowMap":false,"_VenueShowMapLink":false,"_jetpack_newsletter_access":"","_jetpack_dont_email_post_to_subs":false,"_jetpack_newsletter_tier_id":0,"_jetpack_memberships_contains_paywalled_content":false,"_jetpack_memberships_contains_paid_content":false,"footnotes":"","jetpack_publicize_message":"","jetpack_publicize_feature_enabled":true,"jetpack_social_post_already_shared":false,"jetpack_social_options":{"image_generator_settings":{"template":"highway","default_image_id":0,"font":"","enabled":false},"version":2},"_wpas_customize_per_network":false,"jetpack_post_was_ever_published":false},"categories":[1],"tags":[],"class_list":["post-490","post","type-post","status-publish","format-standard","hentry","category-uncategorized"],"jetpack_publicize_connections":[],"jetpack_featured_media_url":"","jetpack_likes_enabled":true,"jetpack_sharing_enabled":true,"jetpack_shortlink":"https:\/\/wp.me\/p9ETog-7U","jetpack-related-posts":[{"id":458,"url":"https:\/\/alliasbl.lu\/de\/2024\/02\/20\/liberte-academique\/","url_meta":{"origin":490,"position":0},"title":"Akademische Freiheit?","author":"alliasbl","date":"20 Februar, 2024","format":false,"excerpt":"ACademic freedom \/ Akademische Freiheit Appel \u00e0 contribution de l'ONU: notre r\u00e9ponse pour Luxembourg Download \ud83c\uddeb\ud83c\uddf7 UN call for paper: our response for Luxembourg Download \ud83c\uddec\ud83c\udde7UN-Beitragsaufruf: unsere Antwort f\u00fcr Luxemburg Herunterladen \ud83c\udde9\ud83c\uddea","rel":"","context":"\u00c4hnlicher Beitrag","block_context":{"text":"\u00c4hnlicher Beitrag","link":""},"img":{"alt_text":"","src":"","width":0,"height":0},"classes":[]},{"id":1470,"url":"https:\/\/alliasbl.lu\/de\/2026\/03\/20\/podcasthon-2026\/","url_meta":{"origin":490,"position":1},"title":"Podcasthon 2026","author":"alliasbl","date":"20 M\u00e4rz, 2026","format":false,"excerpt":"Autour du t\u00e9moignage de Denis Sandrine, enseignante \u00e0 l'\u00c9cole Europ\u00e9enne Mamer II, la podcasteuse Anne-Claire Delval a r\u00e9uni deux invit\u00e9es: Katy Zago, repr\u00e9sentant ALLI asbl - Association Luxembourgeoise pour la Libert\u00e9 d'Instruction- et Sophie Le Dorner, porteuse du IDG (Inner Development Goals) Hub \"Learning in the Flow of Life\".\u00a0 Il\u2026","rel":"","context":"\u00c4hnlicher Beitrag","block_context":{"text":"\u00c4hnlicher Beitrag","link":""},"img":{"alt_text":"","src":"","width":0,"height":0},"classes":[]}],"_links":{"self":[{"href":"https:\/\/alliasbl.lu\/de\/wp-json\/wp\/v2\/posts\/490","targetHints":{"allow":["GET"]}}],"collection":[{"href":"https:\/\/alliasbl.lu\/de\/wp-json\/wp\/v2\/posts"}],"about":[{"href":"https:\/\/alliasbl.lu\/de\/wp-json\/wp\/v2\/types\/post"}],"author":[{"embeddable":true,"href":"https:\/\/alliasbl.lu\/de\/wp-json\/wp\/v2\/users\/248197835"}],"replies":[{"embeddable":true,"href":"https:\/\/alliasbl.lu\/de\/wp-json\/wp\/v2\/comments?post=490"}],"version-history":[{"count":3,"href":"https:\/\/alliasbl.lu\/de\/wp-json\/wp\/v2\/posts\/490\/revisions"}],"predecessor-version":[{"id":495,"href":"https:\/\/alliasbl.lu\/de\/wp-json\/wp\/v2\/posts\/490\/revisions\/495"}],"wp:attachment":[{"href":"https:\/\/alliasbl.lu\/de\/wp-json\/wp\/v2\/media?parent=490"}],"wp:term":[{"taxonomy":"category","embeddable":true,"href":"https:\/\/alliasbl.lu\/de\/wp-json\/wp\/v2\/categories?post=490"},{"taxonomy":"post_tag","embeddable":true,"href":"https:\/\/alliasbl.lu\/de\/wp-json\/wp\/v2\/tags?post=490"}],"curies":[{"name":"wp","href":"https:\/\/api.w.org\/{rel}","templated":true}]}}