{"id":1308,"date":"2025-12-10T05:43:00","date_gmt":"2025-12-10T04:43:00","guid":{"rendered":"https:\/\/alliasbl.lu\/?p=1308"},"modified":"2026-02-13T11:44:36","modified_gmt":"2026-02-13T10:44:36","slug":"%f0%9f%8c%8d-futureed-learning-planet-festival-januar-2026","status":"publish","type":"post","link":"https:\/\/alliasbl.lu\/de\/2025\/12\/10\/%f0%9f%8c%8d-futureed-learning-planet-festival-janvier-2026\/","title":{"rendered":"\ud83c\udf0d FutureEd @ Learning Planet Festival - Januar 2026"},"content":{"rendered":"<p class=\"wp-block-paragraph\"><strong>3 Online-Sitzungen, um Bildung durch die Menschenrechte neu zu \u00fcberdenken<\/strong><\/p>\n\n\n\n<p class=\"wp-block-paragraph\">Im Rahmen des Projekts&nbsp;<strong>FutureEd<\/strong>, das von der Europ\u00e4ischen Union mitfinanziert wird,&nbsp;<strong>ALLI asbl<\/strong>&nbsp;l\u00e4dt Sie zu drei inspirierenden Treffen w\u00e4hrend des&nbsp;<strong>Learning Planet Festival 2026<\/strong> zum Thema<strong>&nbsp;\u00abSich um sich selbst, andere und den Planeten k\u00fcmmern\u00bb<\/strong>. Lassen Sie uns gemeinsam erkunden, wie eine auf Rechte ausgerichtete Bildung zu einer nachhaltigeren Zukunft beitragen kann. <\/p>\n\n\n\n<hr class=\"wp-block-separator has-alpha-channel-opacity\"\/>\n\n\n\n<h3 class=\"wp-block-heading\">\ud83d\udcc5 Unsere Sitzungen in der Wiederholung<\/h3>\n\n\n\n<p class=\"wp-block-paragraph\">\ud83d\udd39&nbsp;<strong>22 January 2026 - 18:30 Uhr (EN)<\/strong><br><strong><a href=\"https:\/\/www.youtube.com\/watch?v=FFzyKQch15g\" target=\"_blank\" rel=\"noreferrer noopener\">FutureEd: Co-creating rights-centered education for a sustainable future<\/a><\/strong><br>\u2192 Vorstellung des FutureEd-Projekts in voller L\u00e4nge durch ALLI asbl und seine Partner&nbsp;<a href=\"https:\/\/eudec.org\/\" target=\"_blank\" rel=\"noreferrer noopener\">Eudec.org<\/a> und <a href=\"http:\/\/collectiveup.be\/\" target=\"_blank\" rel=\"noreferrer noopener\">CollectiveUp.be<\/a>.<br>Transkription der Diskussion <a href=\"https:\/\/drive.google.com\/file\/d\/1d89XAQf8c8fTY4ZDGpqGFd5AoKm89kib\/view?usp=sharing\" data-type=\"link\" data-id=\"https:\/\/drive.google.com\/file\/d\/1d89XAQf8c8fTY4ZDGpqGFd5AoKm89kib\/view?usp=sharing\" target=\"_blank\" rel=\"noreferrer noopener\">EN<\/a> <a href=\"https:\/\/drive.google.com\/file\/d\/1FUYHPurodVX2-WIjftayUXJq6HzX-dWL\/view?usp=sharing\" data-type=\"link\" data-id=\"https:\/\/drive.google.com\/file\/d\/1FUYHPurodVX2-WIjftayUXJq6HzX-dWL\/view?usp=sharing\" target=\"_blank\" rel=\"noreferrer noopener\">FR<\/a> <a href=\"https:\/\/drive.google.com\/file\/d\/16l2YvDND2HNxjzpnn7UGpbZfFsx7mXmu\/view?usp=sharing\" data-type=\"link\" data-id=\"https:\/\/drive.google.com\/file\/d\/16l2YvDND2HNxjzpnn7UGpbZfFsx7mXmu\/view?usp=sharing\" target=\"_blank\" rel=\"noreferrer noopener\">DE<\/a><\/p>\n\n\n\n<p class=\"wp-block-paragraph\">\ud83d\udd39&nbsp;<strong>23. Januar 2026 - 16 Uhr (FR)<\/strong><br><a href=\"https:\/\/www.youtube.com\/watch?v=t9alpjjVDJc\" target=\"_blank\" rel=\"noreferrer noopener\"><strong>(Menschen-)Rechte: ein hohles Ideal oder ein Werkzeug zum Handeln?<\/strong> <\/a><br>\u2192 Eine interaktive Debatte \u00fcber die tats\u00e4chliche Reichweite der Menschenrechte heute und moderiert von der Journalistin&nbsp;<a href=\"https:\/\/www.anneclairedelval.com\" target=\"_blank\" rel=\"noreferrer noopener\">Anne-Claire Delval<\/a> mit einer Juristin, die sich f\u00fcr die Demokratisierung des Rechts einsetzt, einer Fazilitatorin\/Mediatorin im Dienste der Menschen und einer Advocacy-Beauftragten von&nbsp;<a href=\"https:\/\/pollinis.org\/\" target=\"_blank\" rel=\"noreferrer noopener\">Pollinis.org<\/a>, der R\u00e4cher der Lebenden.<\/p>\n\n\n\n<p class=\"wp-block-paragraph\">\ud83d\udd39\u00a0<strong>25. Januar 2026 - 16 Uhr (FR)<\/strong><br><strong>Das Recht auf Bildung: Heiliges Versprechen oder rechtliche Fata Morgana?<\/strong><br>\u2192 Eine kritische Reflexion \u00fcber die Effektivit\u00e4t des Rechts auf Bildung in der heutigen Zeit mit einer Juristin und einer Herausgeberin\/Essayistin der Groupe de Recherche et de R\u00e9flexion sur l'Education (<a href=\"http:\/\/grr-education.org\/\" target=\"_blank\" rel=\"noreferrer noopener\">grr-education.org<\/a>). <br>Transkription der Diskussion <a href=\"https:\/\/drive.google.com\/file\/d\/1LigpQDsu7DozxBu0ztHe2yx8Z_9Xz08f\/view?usp=share_link\" data-type=\"link\" data-id=\"https:\/\/drive.google.com\/file\/d\/1LigpQDsu7DozxBu0ztHe2yx8Z_9Xz08f\/view?usp=share_link\" target=\"_blank\" rel=\"noreferrer noopener\">FR<\/a> <a href=\"https:\/\/drive.google.com\/file\/d\/1I-m5Sz9xazY_yhFkGYd5exyPyT8eYiBE\/view?usp=share_link\" data-type=\"link\" data-id=\"https:\/\/drive.google.com\/file\/d\/1I-m5Sz9xazY_yhFkGYd5exyPyT8eYiBE\/view?usp=share_link\" target=\"_blank\" rel=\"noreferrer noopener\">EN<\/a> <a href=\"https:\/\/drive.google.com\/file\/d\/1Wiu3J48R-T7YaxzO_hk5ZqyyQ5nLIXs3\/view?usp=share_link\" data-type=\"link\" data-id=\"https:\/\/drive.google.com\/file\/d\/1Wiu3J48R-T7YaxzO_hk5ZqyyQ5nLIXs3\/view?usp=share_link\" target=\"_blank\" rel=\"noreferrer noopener\">DE<\/a>. <br>(Visuelles Replay aus technischen Gr\u00fcnden nicht verf\u00fcgbar)<br><\/p>\n\n\n\n<figure class=\"wp-block-image size-large is-resized\"><img data-recalc-dims=\"1\" fetchpriority=\"high\" decoding=\"async\" width=\"1024\" height=\"306\" data-attachment-id=\"1316\" data-permalink=\"https:\/\/alliasbl.lu\/de\/2025\/12\/10\/%f0%9f%8c%8d-futureed-learning-planet-festival-janvier-2026\/image-13\/\" data-orig-file=\"https:\/\/i0.wp.com\/alliasbl.lu\/wp-content\/uploads\/2025\/12\/image-1.png?fit=1098%2C328&amp;ssl=1\" data-orig-size=\"1098,328\" data-comments-opened=\"0\" data-image-meta=\"{&quot;aperture&quot;:&quot;0&quot;,&quot;credit&quot;:&quot;&quot;,&quot;camera&quot;:&quot;&quot;,&quot;caption&quot;:&quot;&quot;,&quot;created_timestamp&quot;:&quot;0&quot;,&quot;copyright&quot;:&quot;&quot;,&quot;focal_length&quot;:&quot;0&quot;,&quot;iso&quot;:&quot;0&quot;,&quot;shutter_speed&quot;:&quot;0&quot;,&quot;title&quot;:&quot;&quot;,&quot;orientation&quot;:&quot;0&quot;}\" data-image-title=\"image\" data-image-description=\"\" data-image-caption=\"\" data-large-file=\"https:\/\/i0.wp.com\/alliasbl.lu\/wp-content\/uploads\/2025\/12\/image-1.png?fit=1024%2C306&amp;ssl=1\" src=\"https:\/\/i0.wp.com\/alliasbl.lu\/wp-content\/uploads\/2025\/12\/image-1.png?resize=1024%2C306&#038;ssl=1\" alt=\"\" class=\"wp-image-1316\" style=\"aspect-ratio:3.3465463439318546;width:225px;height:auto\" srcset=\"https:\/\/i0.wp.com\/alliasbl.lu\/wp-content\/uploads\/2025\/12\/image-1.png?resize=1024%2C306&amp;ssl=1 1024w, https:\/\/i0.wp.com\/alliasbl.lu\/wp-content\/uploads\/2025\/12\/image-1.png?resize=300%2C90&amp;ssl=1 300w, https:\/\/i0.wp.com\/alliasbl.lu\/wp-content\/uploads\/2025\/12\/image-1.png?resize=768%2C229&amp;ssl=1 768w, https:\/\/i0.wp.com\/alliasbl.lu\/wp-content\/uploads\/2025\/12\/image-1.png?resize=18%2C5&amp;ssl=1 18w, https:\/\/i0.wp.com\/alliasbl.lu\/wp-content\/uploads\/2025\/12\/image-1.png?w=1098&amp;ssl=1 1098w\" sizes=\"(max-width: 1000px) 100vw, 1000px\" \/><\/figure>\n\n\n\n<p class=\"wp-block-paragraph\"><br><\/p>\n\n\n\n<h6 class=\"wp-block-heading coblocks-animate\" data-coblocks-animation=\"slideInLeft\"><\/h6>\n\n\n\n<p class=\"wp-block-paragraph\"><\/p>","protected":false},"excerpt":{"rendered":"<p>3 sessions en ligne pour repenser l\u2019\u00e9ducation \u00e0 travers les droits humains Dans le cadre du projet&nbsp;FutureEd, cofinanc\u00e9 par l\u2019Union europ\u00e9enne,&nbsp;ALLI asbl&nbsp;vous invite \u00e0 trois rencontres inspirantes durant le&nbsp;Learning Planet [&hellip;]<\/p>\n","protected":false},"author":135013625,"featured_media":1315,"comment_status":"closed","ping_status":"closed","sticky":false,"template":"","format":"standard","meta":{"_coblocks_attr":"","_coblocks_dimensions":"","_coblocks_responsive_height":"","_coblocks_accordion_ie_support":"","_crdt_document":"","advanced_seo_description":"","jetpack_seo_html_title":"","jetpack_seo_noindex":false,"_price":"","_stock":"","_tribe_ticket_header":"","_tribe_default_ticket_provider":"","_tribe_ticket_capacity":"0","_ticket_start_date":"","_ticket_end_date":"","_tribe_ticket_show_description":"","_tribe_ticket_show_not_going":false,"_tribe_ticket_use_global_stock":"","_tribe_ticket_global_stock_level":"","_global_stock_mode":"","_global_stock_cap":"","_tribe_rsvp_for_event":"","_tribe_ticket_going_count":"","_tribe_ticket_not_going_count":"","_tribe_tickets_list":"[]","_tribe_ticket_has_attendee_info_fields":false,"_EventAllDay":false,"_EventTimezone":"","_EventStartDate":"","_EventEndDate":"","_EventStartDateUTC":"","_EventEndDateUTC":"","_EventShowMap":false,"_EventShowMapLink":false,"_EventURL":"","_EventCost":"","_EventCostDescription":"","_EventCurrencySymbol":"","_EventCurrencyCode":"","_EventCurrencyPosition":"","_EventDateTimeSeparator":"","_EventTimeRangeSeparator":"","_EventOrganizerID":[],"_EventVenueID":[],"_OrganizerEmail":"","_OrganizerPhone":"","_OrganizerWebsite":"","_VenueAddress":"","_VenueCity":"","_VenueCountry":"","_VenueProvince":"","_VenueState":"","_VenueZip":"","_VenuePhone":"","_VenueURL":"","_VenueStateProvince":"","_VenueLat":"","_VenueLng":"","_VenueShowMap":false,"_VenueShowMapLink":false,"_jetpack_newsletter_access":"everybody","_jetpack_dont_email_post_to_subs":false,"_jetpack_newsletter_tier_id":0,"_jetpack_memberships_contains_paywalled_content":false,"_jetpack_memberships_contains_paid_content":false,"footnotes":"","jetpack_publicize_message":"","jetpack_publicize_feature_enabled":true,"jetpack_social_post_already_shared":true,"jetpack_social_options":{"image_generator_settings":{"template":"highway","default_image_id":0,"font":"","enabled":false},"version":2},"_wpas_customize_per_network":false,"jetpack_post_was_ever_published":false},"categories":[5784],"tags":[],"class_list":["post-1308","post","type-post","status-publish","format-standard","has-post-thumbnail","hentry","category-event"],"jetpack_publicize_connections":[],"jetpack_featured_media_url":"https:\/\/i0.wp.com\/alliasbl.lu\/wp-content\/uploads\/2025\/12\/image.png?fit=768%2C252&ssl=1","jetpack_likes_enabled":true,"jetpack_sharing_enabled":true,"jetpack_shortlink":"https:\/\/wp.me\/p9ETog-l6","jetpack-related-posts":[{"id":1470,"url":"https:\/\/alliasbl.lu\/de\/2026\/03\/20\/podcasthon-2026\/","url_meta":{"origin":1308,"position":0},"title":"Podcasthon 2026","author":"alliasbl","date":"20 M\u00e4rz, 2026","format":false,"excerpt":"Autour du t\u00e9moignage de Denis Sandrine, enseignante \u00e0 l'\u00c9cole Europ\u00e9enne Mamer II, la podcasteuse Anne-Claire Delval a r\u00e9uni deux invit\u00e9es: Katy Zago, repr\u00e9sentant ALLI asbl - Association Luxembourgeoise pour la Libert\u00e9 d'Instruction- et Sophie Le Dorner, porteuse du IDG (Inner Development Goals) Hub \"Learning in the Flow of Life\".\u00a0 Il\u2026","rel":"","context":"\u00c4hnlicher Beitrag","block_context":{"text":"\u00c4hnlicher Beitrag","link":""},"img":{"alt_text":"","src":"","width":0,"height":0},"classes":[]},{"id":1490,"url":"https:\/\/alliasbl.lu\/de\/2026\/03\/31\/futureed-leducation-a-lepreuve-des-droits\/","url_meta":{"origin":1308,"position":1},"title":"FutureEd: Bildung auf dem Pr\u00fcfstand der Rechte","author":"alliasbl","date":"31 M\u00e4rz, 2026","format":false,"excerpt":"FutureEd : et si vous participiez \u00e0 construire l\u2019\u00e9ducation de demain ? Ce guide,\u00a0\u00ab FutureEd : Construire ensemble une \u00e9ducation ax\u00e9e sur les droits pour un avenir durable \u00bb, constitue la premi\u00e8re \u00e9tape d\u2019un travail plus vaste, qui sera enrichi par des retours de terrain et des pratiques concr\u00e8tes. Son\u2026","rel":"","context":"\u00c4hnlicher Beitrag","block_context":{"text":"\u00c4hnlicher Beitrag","link":""},"img":{"alt_text":"","src":"https:\/\/i0.wp.com\/alliasbl.lu\/wp-content\/uploads\/2025\/12\/Capture-decran-2025-10-24-a-21.52.37-1.png?resize=350%2C200&ssl=1","width":350,"height":200,"srcset":"https:\/\/i0.wp.com\/alliasbl.lu\/wp-content\/uploads\/2025\/12\/Capture-decran-2025-10-24-a-21.52.37-1.png?resize=350%2C200&ssl=1 1x, https:\/\/i0.wp.com\/alliasbl.lu\/wp-content\/uploads\/2025\/12\/Capture-decran-2025-10-24-a-21.52.37-1.png?resize=525%2C300&ssl=1 1.5x, https:\/\/i0.wp.com\/alliasbl.lu\/wp-content\/uploads\/2025\/12\/Capture-decran-2025-10-24-a-21.52.37-1.png?resize=700%2C400&ssl=1 2x"},"classes":[]},{"id":1595,"url":"https:\/\/alliasbl.lu\/de\/2026\/04\/24\/%f0%9f%93%a2-workshop-17-june-2026\/","url_meta":{"origin":1308,"position":2},"title":"\ud83d\udce2 Workshop \u2013 17. Juni 2026","author":"alliasbl","date":"24 April, 2026","format":false,"excerpt":"What if students didn\u2019t just learn about rights\u2014but actually lived them every day at school? This certified training \u2014 \u201cFC-10D-115 \u00b7 From Rights to Action: Human Rights, Democratic Education, and Digital Citizenship\u201d \u2014 featured in the catalogue of the Institut de formation de l'\u00c9ducation nationale (IFEN), invites you to explore\u2026","rel":"","context":"In &quot;Event&quot;","block_context":{"text":"Event","link":"https:\/\/alliasbl.lu\/de\/category\/event\/"},"img":{"alt_text":"","src":"https:\/\/i0.wp.com\/alliasbl.lu\/wp-content\/uploads\/2026\/04\/Capture-decran-2025-11-28-a-13.01.15.png?resize=350%2C200&ssl=1","width":350,"height":200,"srcset":"https:\/\/i0.wp.com\/alliasbl.lu\/wp-content\/uploads\/2026\/04\/Capture-decran-2025-11-28-a-13.01.15.png?resize=350%2C200&ssl=1 1x, https:\/\/i0.wp.com\/alliasbl.lu\/wp-content\/uploads\/2026\/04\/Capture-decran-2025-11-28-a-13.01.15.png?resize=525%2C300&ssl=1 1.5x, https:\/\/i0.wp.com\/alliasbl.lu\/wp-content\/uploads\/2026\/04\/Capture-decran-2025-11-28-a-13.01.15.png?resize=700%2C400&ssl=1 2x"},"classes":[]},{"id":1037,"url":"https:\/\/alliasbl.lu\/de\/2025\/05\/19\/un-contribution-18-05-25\/","url_meta":{"origin":1308,"position":3},"title":"UN-Beitrag 18.05.25","author":"alliasbl","date":"19 Mai, 2025","format":false,"excerpt":"Antwort auf den Aufruf zur Einreichung von Beitr\u00e4gen f\u00fcr die Vorbereitung der ersten Sitzung der offenen zwischenstaatlichen Arbeitsgruppe f\u00fcr ein Fakultativprotokoll zum \u00dcbereinkommen \u00fcber die Rechte des Kindes.von ALLI asbl &amp; Rights-Centric Education Network (RCEN)Lesen Sie das Dokument: \ud83c\uddeb\ud83c\uddf7 \ud83c\uddec\ud83c\udde7 \ud83c\udde9\ud83c\uddea","rel":"","context":"\u00c4hnlicher Beitrag","block_context":{"text":"\u00c4hnlicher Beitrag","link":""},"img":{"alt_text":"","src":"","width":0,"height":0},"classes":[]},{"id":1436,"url":"https:\/\/alliasbl.lu\/de\/2026\/02\/13\/assemblee-generale-15-mars-2026\/","url_meta":{"origin":1308,"position":4},"title":"Generalversammlung 15. M\u00e4rz 2026","author":"alliasbl","date":"13 Februar, 2026","format":false,"excerpt":"Die Generalversammlung von ALLI findet am 15. M\u00e4rz 2026 in Kopstal statt. Anmeldung und weitere Informationen: alliasbl@gmail.com. Unseren Jahresbericht finden Sie unten auf unserer Publikationsseite.","rel":"","context":"\u00c4hnlicher Beitrag","block_context":{"text":"\u00c4hnlicher Beitrag","link":""},"img":{"alt_text":"","src":"","width":0,"height":0},"classes":[]},{"id":490,"url":"https:\/\/alliasbl.lu\/de\/2024\/03\/18\/la-liberte-de-choix-des-parents\/","url_meta":{"origin":1308,"position":5},"title":"Wahlfreiheit der Eltern?","author":"kzago2022","date":"18 M\u00e4rz, 2024","format":false,"excerpt":"Geschichte eines verbindlichen Rechts Zu verstehen, \"woher es kommt\", verschafft immer einen besseren Blick auf das, was \"heute geschieht\".","rel":"","context":"\u00c4hnlicher Beitrag","block_context":{"text":"\u00c4hnlicher Beitrag","link":""},"img":{"alt_text":"","src":"https:\/\/i0.wp.com\/alliasbl.lu\/wp-content\/uploads\/2024\/03\/image.png?resize=350%2C200&ssl=1","width":350,"height":200,"srcset":"https:\/\/i0.wp.com\/alliasbl.lu\/wp-content\/uploads\/2024\/03\/image.png?resize=350%2C200&ssl=1 1x, https:\/\/i0.wp.com\/alliasbl.lu\/wp-content\/uploads\/2024\/03\/image.png?resize=525%2C300&ssl=1 1.5x, https:\/\/i0.wp.com\/alliasbl.lu\/wp-content\/uploads\/2024\/03\/image.png?resize=700%2C400&ssl=1 2x, https:\/\/i0.wp.com\/alliasbl.lu\/wp-content\/uploads\/2024\/03\/image.png?resize=1050%2C600&ssl=1 3x, https:\/\/i0.wp.com\/alliasbl.lu\/wp-content\/uploads\/2024\/03\/image.png?resize=1400%2C800&ssl=1 4x"},"classes":[]}],"_links":{"self":[{"href":"https:\/\/alliasbl.lu\/de\/wp-json\/wp\/v2\/posts\/1308","targetHints":{"allow":["GET"]}}],"collection":[{"href":"https:\/\/alliasbl.lu\/de\/wp-json\/wp\/v2\/posts"}],"about":[{"href":"https:\/\/alliasbl.lu\/de\/wp-json\/wp\/v2\/types\/post"}],"author":[{"embeddable":true,"href":"https:\/\/alliasbl.lu\/de\/wp-json\/wp\/v2\/users\/135013625"}],"replies":[{"embeddable":true,"href":"https:\/\/alliasbl.lu\/de\/wp-json\/wp\/v2\/comments?post=1308"}],"version-history":[{"count":30,"href":"https:\/\/alliasbl.lu\/de\/wp-json\/wp\/v2\/posts\/1308\/revisions"}],"predecessor-version":[{"id":1435,"href":"https:\/\/alliasbl.lu\/de\/wp-json\/wp\/v2\/posts\/1308\/revisions\/1435"}],"wp:featuredmedia":[{"embeddable":true,"href":"https:\/\/alliasbl.lu\/de\/wp-json\/wp\/v2\/media\/1315"}],"wp:attachment":[{"href":"https:\/\/alliasbl.lu\/de\/wp-json\/wp\/v2\/media?parent=1308"}],"wp:term":[{"taxonomy":"category","embeddable":true,"href":"https:\/\/alliasbl.lu\/de\/wp-json\/wp\/v2\/categories?post=1308"},{"taxonomy":"post_tag","embeddable":true,"href":"https:\/\/alliasbl.lu\/de\/wp-json\/wp\/v2\/tags?post=1308"}],"curies":[{"name":"wp","href":"https:\/\/api.w.org\/{rel}","templated":true}]}}