{"id":1160,"date":"2025-07-17T07:15:09","date_gmt":"2025-07-17T07:15:09","guid":{"rendered":"https:\/\/alliasbl.lu\/?p=1160"},"modified":"2025-07-17T07:15:09","modified_gmt":"2025-07-17T07:15:09","slug":"information-meeting-20-07-25","status":"publish","type":"post","link":"https:\/\/alliasbl.lu\/de\/2025\/07\/17\/information-meeting-20-07-25\/","title":{"rendered":"Informationstreffen 20.07.25"},"content":{"rendered":"<p class=\"wp-block-paragraph\">Informationsveranstaltung (FR\/DE\/EN) - 20.07.2025 - 10:30 am<\/p>\n\n\n\n<p class=\"wp-block-paragraph\">Inscription \/ registration \/ Anmeldung: alliasbl@gmail.com<\/p>\n\n\n\n<p class=\"wp-block-paragraph\">DE: Jeden dritten Sonntag im Monat findet ein virtuelles Informationstreffen statt, um Ihre Fragen zum h\u00e4uslichen Unterricht zu beantworten.<\/p>\n\n\n\n<p class=\"wp-block-paragraph\">DE: An jedem dritten Sonntag findet eine virtuelle Informationsveranstaltung statt, um Ihre Fragen zum Thema Heimunterricht zu beantworten.<\/p>\n\n\n\n<p class=\"wp-block-paragraph\">EN: Jeden 3. Sonntag findet ein virtuelles Informationstreffen statt, um Ihre Fragen zum Thema Heimschule zu beantworten.<\/p>\n\n\n\n<p class=\"wp-block-paragraph\"><\/p>","protected":false},"excerpt":{"rendered":"<p>Information meeting (FR\/DE\/EN) &#8211; 20.07.2025 &#8211; 10:30 am Inscription \/ registration \/ Anmeldung : alliasbl@gmail.com FR : Chaque 3\u00e8me dimanche du mois, une r\u00e9union d\u2019information virtuelle est organis\u00e9e pour r\u00e9pondre [&hellip;]<\/p>\n","protected":false},"author":135013625,"featured_media":0,"comment_status":"closed","ping_status":"closed","sticky":false,"template":"","format":"standard","meta":{"_coblocks_attr":"","_coblocks_dimensions":"","_coblocks_responsive_height":"","_coblocks_accordion_ie_support":"","_crdt_document":"","advanced_seo_description":"","jetpack_seo_html_title":"","jetpack_seo_noindex":false,"_price":"","_stock":"","_tribe_ticket_header":"","_tribe_default_ticket_provider":"","_tribe_ticket_capacity":"0","_ticket_start_date":"","_ticket_end_date":"","_tribe_ticket_show_description":"","_tribe_ticket_show_not_going":false,"_tribe_ticket_use_global_stock":"","_tribe_ticket_global_stock_level":"","_global_stock_mode":"","_global_stock_cap":"","_tribe_rsvp_for_event":"","_tribe_ticket_going_count":"","_tribe_ticket_not_going_count":"","_tribe_tickets_list":"[]","_tribe_ticket_has_attendee_info_fields":false,"_EventAllDay":false,"_EventTimezone":"","_EventStartDate":"","_EventEndDate":"","_EventStartDateUTC":"","_EventEndDateUTC":"","_EventShowMap":false,"_EventShowMapLink":false,"_EventURL":"","_EventCost":"","_EventCostDescription":"","_EventCurrencySymbol":"","_EventCurrencyCode":"","_EventCurrencyPosition":"","_EventDateTimeSeparator":"","_EventTimeRangeSeparator":"","_EventOrganizerID":[],"_EventVenueID":[],"_OrganizerEmail":"","_OrganizerPhone":"","_OrganizerWebsite":"","_VenueAddress":"","_VenueCity":"","_VenueCountry":"","_VenueProvince":"","_VenueState":"","_VenueZip":"","_VenuePhone":"","_VenueURL":"","_VenueStateProvince":"","_VenueLat":"","_VenueLng":"","_VenueShowMap":false,"_VenueShowMapLink":false,"_jetpack_newsletter_access":"","_jetpack_dont_email_post_to_subs":false,"_jetpack_newsletter_tier_id":0,"_jetpack_memberships_contains_paywalled_content":false,"_jetpack_memberships_contains_paid_content":false,"footnotes":"","jetpack_publicize_message":"","jetpack_publicize_feature_enabled":true,"jetpack_social_post_already_shared":true,"jetpack_social_options":{"image_generator_settings":{"template":"highway","default_image_id":0,"font":"","enabled":false},"version":2},"_wpas_customize_per_network":false,"jetpack_post_was_ever_published":false},"categories":[1],"tags":[],"class_list":["post-1160","post","type-post","status-publish","format-standard","hentry","category-uncategorized"],"jetpack_publicize_connections":[],"jetpack_featured_media_url":"","jetpack_likes_enabled":true,"jetpack_sharing_enabled":true,"jetpack_shortlink":"https:\/\/wp.me\/p9ETog-iI","jetpack-related-posts":[{"id":1133,"url":"https:\/\/alliasbl.lu\/de\/2025\/06\/08\/information-meeting-15-06-25\/","url_meta":{"origin":1160,"position":0},"title":"Informationstreffen 15.06.25","author":"alliasbl","date":"8 Juni, 2025","format":false,"excerpt":"Information meeting (FR\/DE\/EN\/LU) - 15.06.2025 - 10:30 am Inscription \/ registration \/ Anmeldung : alliasbl@gmail.com FR : Chaque 3\u00e8me dimanche du mois, une r\u00e9union d\u2019information virtuelle est organis\u00e9e pour r\u00e9pondre \u00e0 vos questions sur l\u2019enseignement \u00e0 domicile. DE : An jedem dritten Sonntag findet eine virtuelle Informationsveranstaltung statt, um Ihre\u2026","rel":"","context":"\u00c4hnlicher Beitrag","block_context":{"text":"\u00c4hnlicher Beitrag","link":""},"img":{"alt_text":"","src":"","width":0,"height":0},"classes":[]},{"id":1171,"url":"https:\/\/alliasbl.lu\/de\/2025\/07\/31\/information-meeting-17-08-25\/","url_meta":{"origin":1160,"position":1},"title":"Informationstreffen 17.08.25","author":"alliasbl","date":"31 Juli, 2025","format":false,"excerpt":"Information meeting (FR\/DE\/EN\/LU) - 17.08.2025 - 10:30 am Inscription \/ registration \/ Anmeldung : alliasbl@gmail.com FR : Chaque 3\u00e8me dimanche du mois, une r\u00e9union d\u2019information virtuelle est organis\u00e9e pour r\u00e9pondre \u00e0 vos questions sur l\u2019enseignement \u00e0 domicile. DE : An jedem dritten Sonntag findet eine virtuelle Informationsveranstaltung statt, um Ihre\u2026","rel":"","context":"\u00c4hnlicher Beitrag","block_context":{"text":"\u00c4hnlicher Beitrag","link":""},"img":{"alt_text":"","src":"","width":0,"height":0},"classes":[]},{"id":1244,"url":"https:\/\/alliasbl.lu\/de\/2025\/10\/13\/information-meeting-19-10-25\/","url_meta":{"origin":1160,"position":2},"title":"Informationstreffen 19.10.25","author":"alliasbl","date":"13 Oktober, 2025","format":false,"excerpt":"Information meeting (FR\/DE\/EN\/LU) - 19.10.2025 - 10:30 am Inscription \/ registration \/ Anmeldung : alliasbl@gmail.com FR : Chaque 3\u00e8me dimanche du mois, une r\u00e9union d\u2019information virtuelle est organis\u00e9e pour r\u00e9pondre \u00e0 vos questions sur l\u2019enseignement \u00e0 domicile. DE : An jedem dritten Sonntag findet eine virtuelle Informationsveranstaltung statt, um Ihre\u2026","rel":"","context":"\u00c4hnlicher Beitrag","block_context":{"text":"\u00c4hnlicher Beitrag","link":""},"img":{"alt_text":"","src":"","width":0,"height":0},"classes":[]},{"id":985,"url":"https:\/\/alliasbl.lu\/de\/2025\/04\/28\/information-meetings\/","url_meta":{"origin":1160,"position":3},"title":"Informationstreffen","author":"alliasbl","date":"28 April, 2025","format":false,"excerpt":"Chaque 3\u00e8me dimanche du mois \u00e0 partir de mai 2025, une r\u00e9union d'information virtuelle sera organis\u00e9e pour r\u00e9pondre \u00e0 vos questions sur l'enseignement \u00e0 domicile.An jedem dritten Sonntag im Monat wird ab Mai 2025 eine virtuelle Informationsveranstaltung stattfinden, um Ihre Fragen zum Thema Heimunterricht zu beantworten. Every 3rd Sunday of\u2026","rel":"","context":"\u00c4hnlicher Beitrag","block_context":{"text":"\u00c4hnlicher Beitrag","link":""},"img":{"alt_text":"","src":"","width":0,"height":0},"classes":[]},{"id":1308,"url":"https:\/\/alliasbl.lu\/de\/2025\/12\/10\/%f0%9f%8c%8d-futureed-learning-planet-festival-janvier-2026\/","url_meta":{"origin":1160,"position":4},"title":"\ud83c\udf0d FutureEd @ Learning Planet Festival - Januar 2026","author":"alliasbl","date":"10 Dezember, 2025","format":false,"excerpt":"3 sessions en ligne pour repenser l\u2019\u00e9ducation \u00e0 travers les droits humains Dans le cadre du projet\u00a0FutureEd, cofinanc\u00e9 par l\u2019Union europ\u00e9enne,\u00a0ALLI asbl\u00a0vous invite \u00e0 trois rencontres inspirantes durant le\u00a0Learning Planet Festival 2026 sur le th\u00e8me\u00a0\"Prendre soin de soi, des autres et de la plan\u00e8te\". Ensemble, explorons comment une \u00e9ducation centr\u00e9e\u2026","rel":"","context":"In &quot;Event&quot;","block_context":{"text":"Event","link":"https:\/\/alliasbl.lu\/de\/category\/event\/"},"img":{"alt_text":"","src":"https:\/\/i0.wp.com\/alliasbl.lu\/wp-content\/uploads\/2025\/12\/image.png?fit=768%2C252&ssl=1&resize=350%2C200","width":350,"height":200,"srcset":"https:\/\/i0.wp.com\/alliasbl.lu\/wp-content\/uploads\/2025\/12\/image.png?fit=768%2C252&ssl=1&resize=350%2C200 1x, https:\/\/i0.wp.com\/alliasbl.lu\/wp-content\/uploads\/2025\/12\/image.png?fit=768%2C252&ssl=1&resize=525%2C300 1.5x, https:\/\/i0.wp.com\/alliasbl.lu\/wp-content\/uploads\/2025\/12\/image.png?fit=768%2C252&ssl=1&resize=700%2C400 2x"},"classes":[]},{"id":146,"url":"https:\/\/alliasbl.lu\/de\/2023\/11\/30\/test-article-1\/","url_meta":{"origin":1160,"position":5},"title":"Generalversammlung - 03.03.24","author":"alliasbl","date":"30 November, 2023","format":false,"excerpt":"Die j\u00e4hrliche Generalversammlung von ALLI asbl findet am 3. M\u00e4rz 2024 von 13H30 bis 19H30 im Kulturhaus in Kopstal statt. F\u00fcr weitere Informationen abonnieren Sie bitte unseren Newsletter unten auf dieser Seite.","rel":"","context":"\u00c4hnlicher Beitrag","block_context":{"text":"\u00c4hnlicher Beitrag","link":""},"img":{"alt_text":"","src":"","width":0,"height":0},"classes":[]}],"_links":{"self":[{"href":"https:\/\/alliasbl.lu\/de\/wp-json\/wp\/v2\/posts\/1160","targetHints":{"allow":["GET"]}}],"collection":[{"href":"https:\/\/alliasbl.lu\/de\/wp-json\/wp\/v2\/posts"}],"about":[{"href":"https:\/\/alliasbl.lu\/de\/wp-json\/wp\/v2\/types\/post"}],"author":[{"embeddable":true,"href":"https:\/\/alliasbl.lu\/de\/wp-json\/wp\/v2\/users\/135013625"}],"replies":[{"embeddable":true,"href":"https:\/\/alliasbl.lu\/de\/wp-json\/wp\/v2\/comments?post=1160"}],"version-history":[{"count":1,"href":"https:\/\/alliasbl.lu\/de\/wp-json\/wp\/v2\/posts\/1160\/revisions"}],"predecessor-version":[{"id":1161,"href":"https:\/\/alliasbl.lu\/de\/wp-json\/wp\/v2\/posts\/1160\/revisions\/1161"}],"wp:attachment":[{"href":"https:\/\/alliasbl.lu\/de\/wp-json\/wp\/v2\/media?parent=1160"}],"wp:term":[{"taxonomy":"category","embeddable":true,"href":"https:\/\/alliasbl.lu\/de\/wp-json\/wp\/v2\/categories?post=1160"},{"taxonomy":"post_tag","embeddable":true,"href":"https:\/\/alliasbl.lu\/de\/wp-json\/wp\/v2\/tags?post=1160"}],"curies":[{"name":"wp","href":"https:\/\/api.w.org\/{rel}","templated":true}]}}